{"id":42056,"date":"2024-03-13T16:06:18","date_gmt":"2024-03-13T12:06:18","guid":{"rendered":"https:\/\/infonews.az\/?p=42056"},"modified":"2024-03-13T16:06:18","modified_gmt":"2024-03-13T12:06:18","slug":"qarabag-universitetind%c9%99-daha-bir-nec%c9%99-vakansiya-elan-edildi","status":"publish","type":"post","link":"https:\/\/infonews.az\/?p=42056","title":{"rendered":"Qaraba\u011f Universitetind\u0259 daha bir ne\u00e7\u0259 vakansiya elan edildi"},"content":{"rendered":"<p><span style=\"color: #ffffff;\">Qaraba\u011f Universitetind\u0259 daha bir ne\u00e7\u0259 vakansiya\u00a0elan edildi<\/span><\/p>\n<blockquote><p><strong>Qaraba\u011f Universitetind\u0259 m\u0259rk\u0259z direktoru v\u0259 ingilis dili m\u00fc\u0259llimi v\u0259zif\u0259l\u0259ri \u00fczr\u0259 vakansiyalar elan edilib.<\/strong><\/p><\/blockquote>\n<p><a href=\"https:\/\/infonews.az\/?p=42056\"><span style=\"color: #333399;\"><strong>&#8220;\u0130NFONEWS&#8221;<\/strong><\/span> <\/a>&#8211; un Elm v\u0259 T\u0259hsil Nazirliyind\u0259n \u0259ld\u0259 etdiyi m\u0259lumat\u0131na\u00a0x\u0259b\u0259r\u0259 g\u00f6r\u0259, namiz\u0259dl\u0259r \u0259trafl\u0131 m\u0259lumatla nazirliyin r\u0259smi internet s\u0259hif\u0259sinin &#8220;Elanlar&#8221; b\u00f6lm\u0259si, el\u0259c\u0259 d\u0259 a\u015fa\u011f\u0131dak\u0131 ke\u00e7idl\u0259r\u0259 daxil olaraq tan\u0131\u015f ola bil\u0259rl\u0259r:<\/p>\n<p>T\u0259l\u0259bl\u0259r\u0259 cavab ver\u0259n namiz\u0259dl\u0259r m\u00fcraci\u0259tl\u0259rini\u00a0karabakh@edu.gov.az\u00a0elektron po\u00e7t \u00fcnvan\u0131na g\u00f6nd\u0259r\u0259 bil\u0259rl\u0259r.<\/p>\n<p>Qeyd ed\u0259k ki, vakansiyada m\u00fc\u0259yy\u0259n edil\u0259n t\u0259l\u0259bl\u0259r\u0259 uy\u011fun namiz\u0259dl\u0259rin m\u00fcraci\u0259t etm\u0259l\u0259rini v\u0259 bu zaman s\u0259n\u0259dl\u0259rini tam v\u0259 t\u0259l\u0259b olunan formada t\u0259qdim etm\u0259l\u0259ri xahi\u015f olunur.<\/p>\n<p>Bildirilib ki, yaln\u0131z vakansiya t\u0259l\u0259bl\u0259rin\u0259 uy\u011fun g\u0259l\u0259n v\u0259 b\u00fct\u00fcn laz\u0131mi s\u0259n\u0259dl\u0259ri m\u00fc\u0259yy\u0259n edil\u0259n formada t\u0259qdim ed\u0259n \u015f\u0259xsl\u0259rin m\u00fcraci\u0259tl\u0259rin\u0259 bax\u0131lacaq.<\/p>\n","protected":false},"excerpt":{"rendered":"<p>Qaraba\u011f Universitetind\u0259 daha bir ne\u00e7\u0259 vakansiya\u00a0elan edildi Qaraba\u011f Universitetind\u0259 m\u0259rk\u0259z direktoru v\u0259 ingilis dili m\u00fc\u0259llimi v\u0259zif\u0259l\u0259ri \u00fczr\u0259 vakansiyalar elan edilib. &#8220;\u0130NFONEWS&#8221; &#8211; un Elm v\u0259 T\u0259hsil Nazirliyind\u0259n \u0259ld\u0259 etdiyi m\u0259lumat\u0131na\u00a0x\u0259b\u0259r\u0259&hellip; <\/p>\n","protected":false},"author":14,"featured_media":42063,"comment_status":"open","ping_status":"open","sticky":false,"template":"","format":"standard","meta":{"_mi_skip_tracking":false,"_monsterinsights_sitenote_active":false,"_monsterinsights_sitenote_note":"","_monsterinsights_sitenote_category":0,"footnotes":""},"categories":[11,3],"tags":[15,11693,4454],"aioseo_notices":[],"_links":{"self":[{"href":"https:\/\/infonews.az\/index.php?rest_route=\/wp\/v2\/posts\/42056"}],"collection":[{"href":"https:\/\/infonews.az\/index.php?rest_route=\/wp\/v2\/posts"}],"about":[{"href":"https:\/\/infonews.az\/index.php?rest_route=\/wp\/v2\/types\/post"}],"author":[{"embeddable":true,"href":"https:\/\/infonews.az\/index.php?rest_route=\/wp\/v2\/users\/14"}],"replies":[{"embeddable":true,"href":"https:\/\/infonews.az\/index.php?rest_route=%2Fwp%2Fv2%2Fcomments&post=42056"}],"version-history":[{"count":1,"href":"https:\/\/infonews.az\/index.php?rest_route=\/wp\/v2\/posts\/42056\/revisions"}],"predecessor-version":[{"id":42064,"href":"https:\/\/infonews.az\/index.php?rest_route=\/wp\/v2\/posts\/42056\/revisions\/42064"}],"wp:featuredmedia":[{"embeddable":true,"href":"https:\/\/infonews.az\/index.php?rest_route=\/wp\/v2\/media\/42063"}],"wp:attachment":[{"href":"https:\/\/infonews.az\/index.php?rest_route=%2Fwp%2Fv2%2Fmedia&parent=42056"}],"wp:term":[{"taxonomy":"category","embeddable":true,"href":"https:\/\/infonews.az\/index.php?rest_route=%2Fwp%2Fv2%2Fcategories&post=42056"},{"taxonomy":"post_tag","embeddable":true,"href":"https:\/\/infonews.az\/index.php?rest_route=%2Fwp%2Fv2%2Ftags&post=42056"}],"curies":[{"name":"wp","href":"https:\/\/api.w.org\/{rel}","templated":true}]}}