{"id":42082,"date":"2024-03-14T09:14:09","date_gmt":"2024-03-14T05:14:09","guid":{"rendered":"https:\/\/infonews.az\/?p=42082"},"modified":"2024-03-14T09:40:51","modified_gmt":"2024-03-14T05:40:51","slug":"qarabag-bu-gun-bayer-il%c9%99-qarsilasacaq-1-8-final","status":"publish","type":"post","link":"https:\/\/infonews.az\/?p=42082","title":{"rendered":"&#8220;Qaraba\u011f&#8221; bu g\u00fcn &#8220;Bayer&#8221; il\u0259 qar\u015f\u0131la\u015facaq &#8211; 1\/8 F\u0130NAL"},"content":{"rendered":"<p><span style=\"color: #ffffff;\">&#8220;Qaraba\u011f&#8221; bu g\u00fcn &#8220;Bayer&#8221; il\u0259 qar\u015f\u0131la\u015facaq &#8211; 1\/8 F\u0130NAL<\/span><\/p>\n<blockquote><p><strong>&#8220;Qaraba\u011f&#8221; bu g\u00fcn UEFA Avropa Liqas\u0131n\u0131n 1\/8 final m\u0259rh\u0259l\u0259sind\u0259 cavab oyununa \u00e7\u0131xacaq.<\/strong><\/p><\/blockquote>\n<p><a href=\"https:\/\/infonews.az\/?p=42082\"><span style=\"color: #333399;\"><strong>&#8220;\u0130NFONEWS&#8221;<\/strong><\/span>\u00a0<\/a>m\u0259lumat\u0131na g\u00f6r\u0259, Az\u0259rbaycan \u00e7empionu Almaniyada &#8220;Bayer 04&#8221; komandas\u0131 il\u0259 \u00fcz-\u00fcz\u0259 g\u0259l\u0259c\u0259k.<\/p>\n<p>&#8220;BayArena&#8221;dak\u0131 qar\u015f\u0131la\u015fma Bak\u0131 vaxt\u0131 il\u0259 saat 00:00-da ba\u015flayacaq. G\u00f6r\u00fc\u015f\u00fc ingilt\u0259r\u0259li FIFA referisi Entoni Teylor idar\u0259 ed\u0259c\u0259k.<\/p>\n<p>UEFA Avropa Liqas\u0131<\/p>\n<p><strong>1\/8 final m\u0259rh\u0259l\u0259si, cavab oyunu<\/strong><\/p>\n<p>Bu g\u00fcn, 14 mart saat 00:00-da\u00a0 &#8220;Bayer 04&#8221; (Almaniya) &#8211; &#8220;Qaraba\u011f&#8221; (Az\u0259rbaycan) ba\u015f tutacaqd\u0131r.<\/p>\n<p>Ba\u015f hakim: Entoni Teylor<\/p>\n<p>Leverkuzen, &#8220;BayArena&#8221;<\/p>\n<p>\u0130lk oyun &#8211; 2:2<\/p>\n","protected":false},"excerpt":{"rendered":"<p>&#8220;Qaraba\u011f&#8221; bu g\u00fcn &#8220;Bayer&#8221; il\u0259 qar\u015f\u0131la\u015facaq &#8211; 1\/8 F\u0130NAL &#8220;Qaraba\u011f&#8221; bu g\u00fcn UEFA Avropa Liqas\u0131n\u0131n 1\/8 final m\u0259rh\u0259l\u0259sind\u0259 cavab oyununa \u00e7\u0131xacaq. &#8220;\u0130NFONEWS&#8221;\u00a0m\u0259lumat\u0131na g\u00f6r\u0259, Az\u0259rbaycan \u00e7empionu Almaniyada &#8220;Bayer 04&#8221; komandas\u0131 il\u0259&hellip; <\/p>\n","protected":false},"author":14,"featured_media":42083,"comment_status":"open","ping_status":"open","sticky":false,"template":"","format":"standard","meta":{"_mi_skip_tracking":false,"_monsterinsights_sitenote_active":false,"_monsterinsights_sitenote_note":"","_monsterinsights_sitenote_category":0,"footnotes":""},"categories":[4,58,11],"tags":[13163,5127,15,13123],"aioseo_notices":[],"_links":{"self":[{"href":"https:\/\/infonews.az\/index.php?rest_route=\/wp\/v2\/posts\/42082"}],"collection":[{"href":"https:\/\/infonews.az\/index.php?rest_route=\/wp\/v2\/posts"}],"about":[{"href":"https:\/\/infonews.az\/index.php?rest_route=\/wp\/v2\/types\/post"}],"author":[{"embeddable":true,"href":"https:\/\/infonews.az\/index.php?rest_route=\/wp\/v2\/users\/14"}],"replies":[{"embeddable":true,"href":"https:\/\/infonews.az\/index.php?rest_route=%2Fwp%2Fv2%2Fcomments&post=42082"}],"version-history":[{"count":1,"href":"https:\/\/infonews.az\/index.php?rest_route=\/wp\/v2\/posts\/42082\/revisions"}],"predecessor-version":[{"id":42084,"href":"https:\/\/infonews.az\/index.php?rest_route=\/wp\/v2\/posts\/42082\/revisions\/42084"}],"wp:featuredmedia":[{"embeddable":true,"href":"https:\/\/infonews.az\/index.php?rest_route=\/wp\/v2\/media\/42083"}],"wp:attachment":[{"href":"https:\/\/infonews.az\/index.php?rest_route=%2Fwp%2Fv2%2Fmedia&parent=42082"}],"wp:term":[{"taxonomy":"category","embeddable":true,"href":"https:\/\/infonews.az\/index.php?rest_route=%2Fwp%2Fv2%2Fcategories&post=42082"},{"taxonomy":"post_tag","embeddable":true,"href":"https:\/\/infonews.az\/index.php?rest_route=%2Fwp%2Fv2%2Ftags&post=42082"}],"curies":[{"name":"wp","href":"https:\/\/api.w.org\/{rel}","templated":true}]}}