{"id":42087,"date":"2024-03-14T14:25:08","date_gmt":"2024-03-14T10:25:08","guid":{"rendered":"https:\/\/infonews.az\/?p=42087"},"modified":"2024-03-14T14:33:28","modified_gmt":"2024-03-14T10:33:28","slug":"prezidentin-kom%c9%99kcisi-aspa-islamofobiyani-t%c9%99sviq-edir","status":"publish","type":"post","link":"https:\/\/infonews.az\/?p=42087","title":{"rendered":"Prezidentin k\u00f6m\u0259k\u00e7isi: A\u015ePA islamofobiyan\u0131 t\u0259\u015fviq edir"},"content":{"rendered":"<blockquote><p>Avropa \u015euras\u0131 Parlament Assambleyas\u0131 (A\u015ePA) islamofobiyan\u0131 t\u0259\u015fviq edir.<\/p><\/blockquote>\n<p><a href=\"https:\/\/infonews.az\/\"><strong>\u201c\u0130NFONEWS\u201d<\/strong>\u00a0<\/a> x\u0259b\u0259r verir ki, bunu Az\u0259rbaycan Prezidentinin k\u00f6m\u0259k\u00e7isi &#8211; Prezident Administrasiyas\u0131n\u0131n Xarici siyas\u0259t m\u0259s\u0259l\u0259l\u0259ri \u015f\u00f6b\u0259sinin m\u00fcdiri Hikm\u0259t Hac\u0131yev \u201cPar\u00e7alanm\u0131\u015f D\u00fcnyan\u0131n B\u0259rpas\u0131\u201d m\u00f6vzusunda ke\u00e7iril\u0259n XI Qlobal Bak\u0131 Forumunun panel iclas\u0131nda deyib.<\/p>\n<p>H.Hac\u0131yev A\u015ePA-n\u0131n Az\u0259rbaycana qar\u015f\u0131 q\u0259r\u0259zli m\u00f6vqe n\u00fcmayi\u015f etdirdiyin\u0259 diqq\u0259t \u00e7\u0259k\u0259r\u0259k bildirib ki, Az\u0259rbaycan stabil regionun qurulmas\u0131 \u00fc\u00e7\u00fcn \u00e7al\u0131\u015f\u0131r. Bu is\u0259 BMT konsepsiyas\u0131 \u0259sas\u0131nda qurulacaq.<\/p>\n<p>&#8220;Biz \u00e7oxt\u0259r\u0259fli b\u00f6hran ya\u015fay\u0131r\u0131q. Beyn\u0259lxalq t\u0259\u015fkilatlar\u0131n qar\u015f\u0131lar\u0131nda duran \u00f6hd\u0259likl\u0259ri icra etm\u0259m\u0259l\u0259ri \u0259sas probleml\u0259rd\u0259ndir. M\u0259s\u0259l\u0259n, COVID-19-un vurdu\u011fu ziyanlar\u0131n qar\u015f\u0131s\u0131 tam al\u0131nmam\u0131\u015fd\u0131. Az\u0259rbaycan is\u0259 koronavirus pandemiyas\u0131 il\u0259 m\u00fcbariz\u0259d\u0259 \u00f6z t\u00f6hf\u0259sini verdi&#8221;, &#8211; Prezidentin k\u00f6m\u0259k\u00e7isi \u0259lav\u0259 edib.<\/p>\n","protected":false},"excerpt":{"rendered":"<p>Avropa \u015euras\u0131 Parlament Assambleyas\u0131 (A\u015ePA) islamofobiyan\u0131 t\u0259\u015fviq edir. \u201c\u0130NFONEWS\u201d\u00a0 x\u0259b\u0259r verir ki, bunu Az\u0259rbaycan Prezidentinin k\u00f6m\u0259k\u00e7isi &#8211; Prezident Administrasiyas\u0131n\u0131n Xarici siyas\u0259t m\u0259s\u0259l\u0259l\u0259ri \u015f\u00f6b\u0259sinin m\u00fcdiri Hikm\u0259t Hac\u0131yev \u201cPar\u00e7alanm\u0131\u015f D\u00fcnyan\u0131n B\u0259rpas\u0131\u201d m\u00f6vzusunda&hellip; <\/p>\n","protected":false},"author":30,"featured_media":42091,"comment_status":"open","ping_status":"open","sticky":false,"template":"","format":"standard","meta":{"_mi_skip_tracking":false,"_monsterinsights_sitenote_active":false,"_monsterinsights_sitenote_note":"","_monsterinsights_sitenote_category":0,"footnotes":""},"categories":[11,10171],"tags":[13164,256,135,84,13165],"aioseo_notices":[],"_links":{"self":[{"href":"https:\/\/infonews.az\/index.php?rest_route=\/wp\/v2\/posts\/42087"}],"collection":[{"href":"https:\/\/infonews.az\/index.php?rest_route=\/wp\/v2\/posts"}],"about":[{"href":"https:\/\/infonews.az\/index.php?rest_route=\/wp\/v2\/types\/post"}],"author":[{"embeddable":true,"href":"https:\/\/infonews.az\/index.php?rest_route=\/wp\/v2\/users\/30"}],"replies":[{"embeddable":true,"href":"https:\/\/infonews.az\/index.php?rest_route=%2Fwp%2Fv2%2Fcomments&post=42087"}],"version-history":[{"count":1,"href":"https:\/\/infonews.az\/index.php?rest_route=\/wp\/v2\/posts\/42087\/revisions"}],"predecessor-version":[{"id":42089,"href":"https:\/\/infonews.az\/index.php?rest_route=\/wp\/v2\/posts\/42087\/revisions\/42089"}],"wp:featuredmedia":[{"embeddable":true,"href":"https:\/\/infonews.az\/index.php?rest_route=\/wp\/v2\/media\/42091"}],"wp:attachment":[{"href":"https:\/\/infonews.az\/index.php?rest_route=%2Fwp%2Fv2%2Fmedia&parent=42087"}],"wp:term":[{"taxonomy":"category","embeddable":true,"href":"https:\/\/infonews.az\/index.php?rest_route=%2Fwp%2Fv2%2Fcategories&post=42087"},{"taxonomy":"post_tag","embeddable":true,"href":"https:\/\/infonews.az\/index.php?rest_route=%2Fwp%2Fv2%2Ftags&post=42087"}],"curies":[{"name":"wp","href":"https:\/\/api.w.org\/{rel}","templated":true}]}}