{"id":42094,"date":"2024-03-14T15:31:05","date_gmt":"2024-03-14T11:31:05","guid":{"rendered":"https:\/\/infonews.az\/?p=42094"},"modified":"2024-03-14T15:31:05","modified_gmt":"2024-03-14T11:31:05","slug":"hikm%c9%99t-haciyev-bolg%c9%99d%c9%99-sulhun-b%c9%99rq%c9%99rar-olmasi-ucun-s%c9%99yl%c9%99rimizi-%c9%99sirg%c9%99mirik","status":"publish","type":"post","link":"https:\/\/infonews.az\/?p=42094","title":{"rendered":"Hikm\u0259t Hac\u0131yev: B\u00f6lg\u0259d\u0259 s\u00fclh\u00fcn b\u0259rq\u0259rar olmas\u0131 \u00fc\u00e7\u00fcn s\u0259yl\u0259rimizi \u0259sirg\u0259mirik"},"content":{"rendered":"<blockquote><p>B\u00f6lg\u0259d\u0259 s\u00fclh\u00fcn b\u0259rq\u0259rar olmas\u0131 \u00fc\u00e7\u00fcn s\u0259yl\u0259rimizi \u0259sirg\u0259mirik.<\/p><\/blockquote>\n<p><a href=\"https:\/\/infonews.az\/\"><strong>\u201c\u0130NFONEWS\u201d<\/strong>\u00a0<\/a> x\u0259b\u0259r verir ki, bunu Prezidentin k\u00f6m\u0259k\u00e7isi &#8211; Prezident Administrasiyas\u0131n\u0131n Xarici siyas\u0259t m\u0259s\u0259l\u0259l\u0259ri \u015f\u00f6b\u0259sinin m\u00fcdiri Hikm\u0259t Hac\u0131yev XI Qlobal Bak\u0131 Forumunda \u201cPar\u00e7alanm\u0131\u015f D\u00fcnyan\u0131n B\u0259rpas\u0131\u201d m\u00f6vzusunda ke\u00e7iril\u0259n panel iclas\u0131nda deyib.<\/p>\n<p>\u201cC\u0259nubi Qafqaz\u0131 m\u00fcnaqi\u015f\u0259l\u0259rd\u0259n azad etm\u0259k \u00fc\u00e7\u00fcn s\u0259yl\u0259r g\u00f6st\u0259rm\u0259kd\u0259yik. Postsovet m\u0259kan\u0131nda bir s\u0131ra m\u00fcnaqi\u015f\u0259l\u0259rin alovlanmas\u0131na \u015fahidlik etmi\u015fik. Biz Qaraba\u011f\u0131 azad etm\u0259kl\u0259 C\u0259nubi Qafqazda stabilliyi b\u0259rq\u0259rar etmi\u015f oluruq. \u00c7al\u0131\u015f\u0131r\u0131q ki, b\u00f6lg\u0259d\u0259 s\u00fclh\u00fcn b\u0259rq\u0259rar olmas\u0131 \u00fc\u00e7\u00fcn s\u0259yl\u0259rimizi \u0259sirg\u0259m\u0259y\u0259k\u201d, &#8211; H.Hac\u0131yev \u0259lav\u0259 edib.<\/p>\n","protected":false},"excerpt":{"rendered":"<p>B\u00f6lg\u0259d\u0259 s\u00fclh\u00fcn b\u0259rq\u0259rar olmas\u0131 \u00fc\u00e7\u00fcn s\u0259yl\u0259rimizi \u0259sirg\u0259mirik. \u201c\u0130NFONEWS\u201d\u00a0 x\u0259b\u0259r verir ki, bunu Prezidentin k\u00f6m\u0259k\u00e7isi &#8211; Prezident Administrasiyas\u0131n\u0131n Xarici siyas\u0259t m\u0259s\u0259l\u0259l\u0259ri \u015f\u00f6b\u0259sinin m\u00fcdiri Hikm\u0259t Hac\u0131yev XI Qlobal Bak\u0131 Forumunda \u201cPar\u00e7alanm\u0131\u015f D\u00fcnyan\u0131n&hellip; <\/p>\n","protected":false},"author":30,"featured_media":42088,"comment_status":"open","ping_status":"open","sticky":false,"template":"","format":"standard","meta":{"_mi_skip_tracking":false,"_monsterinsights_sitenote_active":false,"_monsterinsights_sitenote_note":"","_monsterinsights_sitenote_category":0,"footnotes":""},"categories":[11,10171],"tags":[6479,84,13165],"aioseo_notices":[],"_links":{"self":[{"href":"https:\/\/infonews.az\/index.php?rest_route=\/wp\/v2\/posts\/42094"}],"collection":[{"href":"https:\/\/infonews.az\/index.php?rest_route=\/wp\/v2\/posts"}],"about":[{"href":"https:\/\/infonews.az\/index.php?rest_route=\/wp\/v2\/types\/post"}],"author":[{"embeddable":true,"href":"https:\/\/infonews.az\/index.php?rest_route=\/wp\/v2\/users\/30"}],"replies":[{"embeddable":true,"href":"https:\/\/infonews.az\/index.php?rest_route=%2Fwp%2Fv2%2Fcomments&post=42094"}],"version-history":[{"count":1,"href":"https:\/\/infonews.az\/index.php?rest_route=\/wp\/v2\/posts\/42094\/revisions"}],"predecessor-version":[{"id":42095,"href":"https:\/\/infonews.az\/index.php?rest_route=\/wp\/v2\/posts\/42094\/revisions\/42095"}],"wp:featuredmedia":[{"embeddable":true,"href":"https:\/\/infonews.az\/index.php?rest_route=\/wp\/v2\/media\/42088"}],"wp:attachment":[{"href":"https:\/\/infonews.az\/index.php?rest_route=%2Fwp%2Fv2%2Fmedia&parent=42094"}],"wp:term":[{"taxonomy":"category","embeddable":true,"href":"https:\/\/infonews.az\/index.php?rest_route=%2Fwp%2Fv2%2Fcategories&post=42094"},{"taxonomy":"post_tag","embeddable":true,"href":"https:\/\/infonews.az\/index.php?rest_route=%2Fwp%2Fv2%2Ftags&post=42094"}],"curies":[{"name":"wp","href":"https:\/\/api.w.org\/{rel}","templated":true}]}}