{"id":42159,"date":"2024-03-14T12:51:58","date_gmt":"2024-03-14T08:51:58","guid":{"rendered":"https:\/\/infonews.az\/?p=42159"},"modified":"2024-03-17T12:57:40","modified_gmt":"2024-03-17T08:57:40","slug":"az%c9%99rbaycan-elmin%c9%99-agir-itki","status":"publish","type":"post","link":"https:\/\/infonews.az\/?p=42159","title":{"rendered":"Az\u0259rbaycan elmin\u0259 a\u011f\u0131r itki"},"content":{"rendered":"<blockquote><p><span lang=\"AZ-LATIN\"><a href=\"https:\/\/infonews.az\/\"><strong>\u201c\u0130NFONEWS\u201d<\/strong><\/a> x\u0259b\u0259r verir ki, UNEC-in A\u011fsaqqallar \u015furas\u0131n\u0131n s\u0259dri, Az\u0259rbaycan Respublikas\u0131 Prezidentinin f\u0259rdi t\u0259qa\u00fcd\u00e7\u00fcs\u00fc, &#8220;\u015e\u00f6hr\u0259t&#8221; ordenli, \u201cT\u0259r\u0259qqi\u201d medall, m\u0259sl\u0259h\u0259t\u00e7i-professor H\u0259s\u0259nov \u018fli P\u0259nah o\u011flu v\u0259fat edib.<\/span><\/p><\/blockquote>\n<p>\u018fli H\u0259s\u0259nov 1937-ci il dekabr ay\u0131n\u0131n 31-d\u0259 Beyl\u0259qan rayonunda anadan olub.<\/p>\n<p><span lang=\"AZ-LATIN\">1957-ci ild\u0259 orta m\u0259kt\u0259bi q\u0131z\u0131l medalla bitir\u0259r\u0259k K.Marks ad\u0131na Xalq T\u0259s\u0259rr\u00fcfat\u0131 \u0130nstitutuna daxil olub. 1962-ci ild\u0259 h\u0259min institutu\u00a0f\u0259rql\u0259nm\u0259 diplomu il\u0259 bitirib v\u0259 kafedrada m\u00fc\u0259llim kimi f\u0259aliyy\u0259t\u0259 ba\u015flay\u0131b. <\/span><\/p>\n<p><span lang=\"AZ-LATIN\">1962-1966-c\u0131 ill\u0259rd\u0259 Universitetin Birl\u0259\u015fmi\u015f H\u0259mkarlar \u0130ttifaq\u0131 Komit\u0259sinin s\u0259dr m\u00fcavini se\u00e7ilib.<\/span><\/p>\n<p><span lang=\"AZ-LATIN\">1962-1964-c\u00fc ill\u0259rd\u0259 Az\u0259rbaycan D\u00f6vl\u0259t Universitetinin (indiki Bak\u0131 D\u00f6vl\u0259t Universiteti) \u201cS\u0259naye mallar\u0131 \u0259mt\u0259\u0259\u015f\u00fcnasl\u0131\u011f\u0131\u201d kafedras\u0131n\u0131n assistenti olub.<\/span><\/p>\n<p><span lang=\"AZ-LATIN\">1966-1988-ci ill\u0259rd\u0259 Az\u0259rbaycan Xalq T\u0259s\u0259rr\u00fcfat\u0131 \u0130nstitutunun \u201cS\u0259naye mallar\u0131 \u0259mt\u0259\u0259\u015f\u00fcnasl\u0131\u011f\u0131\u201d kafedras\u0131n\u0131n dosenti, 1993-2000-ci ill\u0259rd\u0259 Bak\u0131 \u018fmt\u0259\u0259\u015f\u00fcnasl\u0131q-Kommersiya \u0130nstitutunun rektoru, 2000-2004-c\u00fc ill\u0259rd\u0259 Az\u0259rbaycan D\u00f6vl\u0259t \u0130qtisad Universitetinin prorektoru, 2004-2011-ci ill\u0259rd\u0259 Az\u0259rbaycan D\u00f6vl\u0259t \u0130qtisad Universitetinin \u018fmt\u0259\u0259\u015f\u00fcnasl\u0131q fakult\u0259sinin dekan\u0131 v\u0259zif\u0259l\u0259rind\u0259 i\u015fl\u0259yib.<\/span><\/p>\n<p>2011-ci ild\u0259n \u201cQeyri-\u0259rzaq mallar\u0131 \u0259mt\u0259\u0259\u015f\u00fcnasl\u0131\u011f\u0131\u201d kafedras\u0131n\u0131n,\u00a02020-ci il\u0259 kimi UNEC-in \u201c\u0130stehlak mallar\u0131n\u0131n ekspertizas\u0131\u201d kafedras\u0131n\u0131n m\u00fcdiri olub.<\/p>\n<p>2020-ci il tarixd\u0259 UNEC-in \u201cM\u00fch\u0259ndislik v\u0259 t\u0259tbiqi elml\u0259r\u201d kafedras\u0131n\u0131n m\u0259sl\u0259h\u0259t\u00e7i-professoru olub.<\/p>\n<p>\u018fli H\u0259s\u0259nov 150-d\u0259n \u00e7ox elmi \u0259s\u0259rin, o c\u00fcml\u0259d\u0259n 27 d\u0259rsliyin, d\u0259rs v\u0259saitinin v\u0259 monoqrafiyan\u0131n m\u00fc\u0259llifidir.<\/p>\n<p>M\u00fcxt\u0259lif ill\u0259rd\u0259 f\u0259xri f\u0259rmanlar, m\u00fckafatlarla qiym\u0259tl\u0259ndirilib. 2010-cu ild\u0259 AR\u00a0Prezidentinin S\u0259r\u0259ncam\u0131na \u0259sas\u0259n \u201cT\u0259r\u0259qqi\u201d medal\u0131, 2011-ci ild\u0259 is\u0259 \u201c\u015e\u00f6hr\u0259t\u201d ordeni il\u0259\u00a0t\u0259ltif olunub.<\/p>\n<p>Prezident \u0130lham \u018fliyevin 24 sentyabr 2020-ci il S\u0259r\u0259ncam\u0131 il\u0259 Az\u0259rbaycan D\u00f6vl\u0259t \u0130qtisad Universitetinin 90 illiyi m\u00fcnasib\u0259til\u0259 v\u0259 Az\u0259rbaycanda t\u0259hsilin inki\u015faf\u0131ndak\u0131 xidm\u0259tl\u0259rin\u0259 g\u00f6r\u0259 \u018fli P\u0259nah o\u011flu H\u0259s\u0259nov Az\u0259rbaycan Respublikas\u0131 Prezidentinin f\u0259rdi t\u0259qa\u00fcd\u00fcn\u0259 layiq g\u00f6r\u00fcl\u00fcb.<\/p>\n<p><em>Allah r\u0259hm\u0259t el\u0259sin!<\/em><\/p>\n","protected":false},"excerpt":{"rendered":"<p>\u201c\u0130NFONEWS\u201d x\u0259b\u0259r verir ki, UNEC-in A\u011fsaqqallar \u015furas\u0131n\u0131n s\u0259dri, Az\u0259rbaycan Respublikas\u0131 Prezidentinin f\u0259rdi t\u0259qa\u00fcd\u00e7\u00fcs\u00fc, &#8220;\u015e\u00f6hr\u0259t&#8221; ordenli, \u201cT\u0259r\u0259qqi\u201d medall, m\u0259sl\u0259h\u0259t\u00e7i-professor H\u0259s\u0259nov \u018fli P\u0259nah o\u011flu v\u0259fat edib. \u018fli H\u0259s\u0259nov 1937-ci il dekabr ay\u0131n\u0131n&hellip; <\/p>\n","protected":false},"author":30,"featured_media":42161,"comment_status":"open","ping_status":"open","sticky":false,"template":"","format":"standard","meta":{"_mi_skip_tracking":false,"_monsterinsights_sitenote_active":false,"_monsterinsights_sitenote_note":"","_monsterinsights_sitenote_category":0,"footnotes":""},"categories":[330,11],"tags":[666,47,13185],"aioseo_notices":[],"_links":{"self":[{"href":"https:\/\/infonews.az\/index.php?rest_route=\/wp\/v2\/posts\/42159"}],"collection":[{"href":"https:\/\/infonews.az\/index.php?rest_route=\/wp\/v2\/posts"}],"about":[{"href":"https:\/\/infonews.az\/index.php?rest_route=\/wp\/v2\/types\/post"}],"author":[{"embeddable":true,"href":"https:\/\/infonews.az\/index.php?rest_route=\/wp\/v2\/users\/30"}],"replies":[{"embeddable":true,"href":"https:\/\/infonews.az\/index.php?rest_route=%2Fwp%2Fv2%2Fcomments&post=42159"}],"version-history":[{"count":1,"href":"https:\/\/infonews.az\/index.php?rest_route=\/wp\/v2\/posts\/42159\/revisions"}],"predecessor-version":[{"id":42160,"href":"https:\/\/infonews.az\/index.php?rest_route=\/wp\/v2\/posts\/42159\/revisions\/42160"}],"wp:featuredmedia":[{"embeddable":true,"href":"https:\/\/infonews.az\/index.php?rest_route=\/wp\/v2\/media\/42161"}],"wp:attachment":[{"href":"https:\/\/infonews.az\/index.php?rest_route=%2Fwp%2Fv2%2Fmedia&parent=42159"}],"wp:term":[{"taxonomy":"category","embeddable":true,"href":"https:\/\/infonews.az\/index.php?rest_route=%2Fwp%2Fv2%2Fcategories&post=42159"},{"taxonomy":"post_tag","embeddable":true,"href":"https:\/\/infonews.az\/index.php?rest_route=%2Fwp%2Fv2%2Ftags&post=42159"}],"curies":[{"name":"wp","href":"https:\/\/api.w.org\/{rel}","templated":true}]}}