{"id":42189,"date":"2024-03-12T14:46:25","date_gmt":"2024-03-12T10:46:25","guid":{"rendered":"https:\/\/infonews.az\/?p=42189"},"modified":"2024-03-17T14:49:26","modified_gmt":"2024-03-17T10:49:26","slug":"astara-pedaqoji-kollecind%c9%99-noqsanlar-askar-edilib-direktor-muavini-isd%c9%99n-cixarilib","status":"publish","type":"post","link":"https:\/\/infonews.az\/?p=42189","title":{"rendered":"Astara Pedaqoji Kollecind\u0259 n\u00f6qsanlar a\u015fkar edilib, direktor m\u00fcavini i\u015fd\u0259n \u00e7\u0131xar\u0131l\u0131b"},"content":{"rendered":"<blockquote><p>X\u0259b\u0259r verdiyimiz kimi, Elm v\u0259 Ali T\u0259hsil \u00fczr\u0259 D\u00f6vl\u0259t Agentliyi (EATDA) t\u0259r\u0259find\u0259n orta ixtisas t\u0259hsili m\u00fc\u0259ssis\u0259l\u0259rind\u0259 m\u00fct\u0259madi olaraq monitorinql\u0259r apar\u0131l\u0131r.<\/p><\/blockquote>\n<p>Agentlikd\u0259n <a href=\"https:\/\/infonews.az\/\"><strong>\u201c\u0130NFONEWS\u201d<\/strong><\/a>\u00a0-a veril\u0259n x\u0259b\u0259r\u0259 g\u00f6r\u0259, Astara Pedaqoji Kollecind\u0259 ke\u00e7iril\u0259n monitorinq zaman\u0131 Kollecd\u0259 t\u0259drisin t\u0259\u015fkili il\u0259 ba\u011fl\u0131 \u00e7oxsayl\u0131 n\u00f6qsanlar a\u015fkar edilib v\u0259 bu n\u00f6qsanlar\u0131n aradan qald\u0131r\u0131lmas\u0131 \u00fc\u00e7\u00fcn EATDA t\u0259r\u0259find\u0259n kadr v\u0259 struktur islahatlar\u0131na ba\u015flan\u0131l\u0131b.<\/p>\n<p>&nbsp;<\/p>\n<div id=\"AinsyndicationPlayerId1710672374\" class=\"inpage\" data-viewable=\"1\">\n<div class=\"inpage-wrap\">\n<div class=\"smrt-info\"><i class=\"smrt-l\"><\/i><\/p>\n<div class=\"smrt-wrap\">\n<div class=\"smrt-back\">N\u0259tic\u0259d\u0259 Agentliyin 26 dekabr 2023-c\u00fc il tarixli \u0259mri il\u0259 filologiya \u00fczr\u0259 f\u0259ls\u0259f\u0259 doktoru, professor Kamran Kaz\u0131mov Astara Pedaqoji Kollecinin direktoru v\u0259zif\u0259sin\u0259 t\u0259yin edilib. Kamran Kaz\u0131mov bu v\u0259zif\u0259y\u0259d\u0259k L\u0259nk\u0259ran D\u00f6vl\u0259t Universitetinin sosial m\u0259s\u0259l\u0259l\u0259r \u00fczr\u0259 prorektoru v\u0259zif\u0259sind\u0259 \u00e7al\u0131\u015f\u0131b. H\u0259m\u00e7inin qeyd ed\u0259k ki, K.Kaz\u0131mov \u015f\u0259hid V\u00fcsal Kaz\u0131movun atas\u0131d\u0131r.<\/div>\n<\/div>\n<\/div>\n<\/div>\n<\/div>\n<p>S\u00f6z\u00fcged\u0259n islahatlar\u0131n davam\u0131 olaraq Kollecin t\u0259dris i\u015fl\u0259ri \u00fczr\u0259 direktor m\u00fcavini Yusif \u015eahnamazov Agentliyin 29 fevral 2024-c\u00fc il tarixli \u0259mri il\u0259 tutdu\u011fu v\u0259zif\u0259d\u0259n azad edilib v\u0259 Kollecin co\u011frafiya m\u00fc\u0259llimi \u018fsg\u0259rzad\u0259 Aynur Ayd\u0131n q\u0131z\u0131 t\u0259dris i\u015fl\u0259ri \u00fczr\u0259 direktor m\u00fcavini v\u0259zif\u0259sin\u0259 t\u0259yin olunub.<\/p>\n<p>Bildirilib ki, kollecl\u0259rin kadr potensial\u0131n\u0131n m\u00f6hk\u0259ml\u0259ndirilm\u0259si, t\u0259dris prosesinin t\u0259\u015fkilinin yax\u015f\u0131la\u015fd\u0131r\u0131lmas\u0131 istiqam\u0259tind\u0259 Agentlik t\u0259r\u0259find\u0259n g\u00f6r\u00fcl\u0259n t\u0259dbirl\u0259r davam ed\u0259c\u0259k.<\/p>\n","protected":false},"excerpt":{"rendered":"<p>X\u0259b\u0259r verdiyimiz kimi, Elm v\u0259 Ali T\u0259hsil \u00fczr\u0259 D\u00f6vl\u0259t Agentliyi (EATDA) t\u0259r\u0259find\u0259n orta ixtisas t\u0259hsili m\u00fc\u0259ssis\u0259l\u0259rind\u0259 m\u00fct\u0259madi olaraq monitorinql\u0259r apar\u0131l\u0131r. Agentlikd\u0259n \u201c\u0130NFONEWS\u201d\u00a0-a veril\u0259n x\u0259b\u0259r\u0259 g\u00f6r\u0259, Astara Pedaqoji Kollecind\u0259 ke\u00e7iril\u0259n monitorinq&hellip; <\/p>\n","protected":false},"author":30,"featured_media":42190,"comment_status":"open","ping_status":"open","sticky":false,"template":"","format":"standard","meta":{"_mi_skip_tracking":false,"_monsterinsights_sitenote_active":false,"_monsterinsights_sitenote_note":"","_monsterinsights_sitenote_category":0,"footnotes":""},"categories":[11,7],"tags":[13197,13196,13198],"aioseo_notices":[],"_links":{"self":[{"href":"https:\/\/infonews.az\/index.php?rest_route=\/wp\/v2\/posts\/42189"}],"collection":[{"href":"https:\/\/infonews.az\/index.php?rest_route=\/wp\/v2\/posts"}],"about":[{"href":"https:\/\/infonews.az\/index.php?rest_route=\/wp\/v2\/types\/post"}],"author":[{"embeddable":true,"href":"https:\/\/infonews.az\/index.php?rest_route=\/wp\/v2\/users\/30"}],"replies":[{"embeddable":true,"href":"https:\/\/infonews.az\/index.php?rest_route=%2Fwp%2Fv2%2Fcomments&post=42189"}],"version-history":[{"count":1,"href":"https:\/\/infonews.az\/index.php?rest_route=\/wp\/v2\/posts\/42189\/revisions"}],"predecessor-version":[{"id":42191,"href":"https:\/\/infonews.az\/index.php?rest_route=\/wp\/v2\/posts\/42189\/revisions\/42191"}],"wp:featuredmedia":[{"embeddable":true,"href":"https:\/\/infonews.az\/index.php?rest_route=\/wp\/v2\/media\/42190"}],"wp:attachment":[{"href":"https:\/\/infonews.az\/index.php?rest_route=%2Fwp%2Fv2%2Fmedia&parent=42189"}],"wp:term":[{"taxonomy":"category","embeddable":true,"href":"https:\/\/infonews.az\/index.php?rest_route=%2Fwp%2Fv2%2Fcategories&post=42189"},{"taxonomy":"post_tag","embeddable":true,"href":"https:\/\/infonews.az\/index.php?rest_route=%2Fwp%2Fv2%2Ftags&post=42189"}],"curies":[{"name":"wp","href":"https:\/\/api.w.org\/{rel}","templated":true}]}}