{"id":42209,"date":"2024-03-06T15:11:13","date_gmt":"2024-03-06T11:11:13","guid":{"rendered":"https:\/\/infonews.az\/?p=42209"},"modified":"2024-03-17T15:14:08","modified_gmt":"2024-03-17T11:14:08","slug":"zelenskinin-xanimi-baydenin-d%c9%99v%c9%99tind%c9%99n-imtina-edib","status":"publish","type":"post","link":"https:\/\/infonews.az\/?p=42209","title":{"rendered":"Zelenskinin xan\u0131m\u0131 Baydenin d\u0259v\u0259tind\u0259n imtina edib"},"content":{"rendered":"<div class=\"texts mb-site\">\n<blockquote><p>Ukrayna Prezidenti Vladimir Zelenskinin h\u0259yat yolda\u015f\u0131 Olena Zelenskaya AB\u015e Prezidenti Co Baydenin Konqresd\u0259ki \u00e7\u0131x\u0131\u015f\u0131na d\u0259v\u0259td\u0259n imtina edib.<\/p><\/blockquote>\n<p><a href=\"https:\/\/infonews.az\/\"><strong>\u201c\u0130NFONEWS\u201d<\/strong><\/a>\u00a0\u00a0x\u0259b\u0259r verir ki, bu bar\u0259d\u0259 \u201c<a class=\"hyperlink\" href=\"https:\/\/www.washingtonpost.com\/\" target=\"_blank\" rel=\"noopener\">The\u00a0<\/a><a class=\"hyperlink\" href=\"https:\/\/www.washingtonpost.com\/\" target=\"_blank\" rel=\"noopener\">Washington Post<\/a>\u201c n\u0259\u015fri m\u0259nb\u0259l\u0259rin\u0259 istinad\u0259n yaz\u0131b.<\/p>\n<p>Qeyd olunub ki, o, Rusiya h\u0259bsxanas\u0131nda fevral\u0131n 16-da v\u0259fat ed\u0259n rusiyal\u0131 m\u00fcxalif siyas\u0259t\u00e7i Aleksey Navaln\u0131n\u0131n h\u0259yat yolda\u015f\u0131 Yuliya Navalnaya il\u0259 ehtimal olunan g\u00f6r\u00fc\u015f s\u0259b\u0259bind\u0259n d\u0259v\u0259td\u0259n imtina edib.<\/p>\n<p>N\u0259\u015fr yaz\u0131r ki, t\u0259dbir zaman\u0131 onlar\u0131n yana\u015f\u0131 yerl\u0259rd\u0259 \u0259yl\u0259\u015fdiril\u0259c\u0259yi g\u00fcman edilirdi.<\/p>\n<p>Xat\u0131rladaq ki, AB\u015e Prezidenti Co Bayden \u00f6t\u0259n ay N\u00fcmay\u0259nd\u0259l\u0259r Palatas\u0131n\u0131n spikeri Mayk Consonun t\u0259klifini q\u0259bul edib v\u0259 7 mart tarixind\u0259 \u00f6lk\u0259nin v\u0259ziyy\u0259ti il\u0259 ba\u011fl\u0131 m\u00fcraci\u0259tini qanunverici orqan\u0131n \u00fczvl\u0259rin\u0259 \u00e7atd\u0131rma\u011fa raz\u0131la\u015f\u0131b.<\/p>\n<\/div>\n","protected":false},"excerpt":{"rendered":"<p>Ukrayna Prezidenti Vladimir Zelenskinin h\u0259yat yolda\u015f\u0131 Olena Zelenskaya AB\u015e Prezidenti Co Baydenin Konqresd\u0259ki \u00e7\u0131x\u0131\u015f\u0131na d\u0259v\u0259td\u0259n imtina edib. \u201c\u0130NFONEWS\u201d\u00a0\u00a0x\u0259b\u0259r verir ki, bu bar\u0259d\u0259 \u201cThe\u00a0Washington Post\u201c n\u0259\u015fri m\u0259nb\u0259l\u0259rin\u0259 istinad\u0259n yaz\u0131b. Qeyd olunub&hellip; <\/p>\n","protected":false},"author":30,"featured_media":42210,"comment_status":"open","ping_status":"open","sticky":false,"template":"","format":"standard","meta":{"_mi_skip_tracking":false,"_monsterinsights_sitenote_active":false,"_monsterinsights_sitenote_note":"","_monsterinsights_sitenote_category":0,"footnotes":""},"categories":[9,11],"tags":[612,13201,172,6003],"aioseo_notices":[],"_links":{"self":[{"href":"https:\/\/infonews.az\/index.php?rest_route=\/wp\/v2\/posts\/42209"}],"collection":[{"href":"https:\/\/infonews.az\/index.php?rest_route=\/wp\/v2\/posts"}],"about":[{"href":"https:\/\/infonews.az\/index.php?rest_route=\/wp\/v2\/types\/post"}],"author":[{"embeddable":true,"href":"https:\/\/infonews.az\/index.php?rest_route=\/wp\/v2\/users\/30"}],"replies":[{"embeddable":true,"href":"https:\/\/infonews.az\/index.php?rest_route=%2Fwp%2Fv2%2Fcomments&post=42209"}],"version-history":[{"count":1,"href":"https:\/\/infonews.az\/index.php?rest_route=\/wp\/v2\/posts\/42209\/revisions"}],"predecessor-version":[{"id":42211,"href":"https:\/\/infonews.az\/index.php?rest_route=\/wp\/v2\/posts\/42209\/revisions\/42211"}],"wp:featuredmedia":[{"embeddable":true,"href":"https:\/\/infonews.az\/index.php?rest_route=\/wp\/v2\/media\/42210"}],"wp:attachment":[{"href":"https:\/\/infonews.az\/index.php?rest_route=%2Fwp%2Fv2%2Fmedia&parent=42209"}],"wp:term":[{"taxonomy":"category","embeddable":true,"href":"https:\/\/infonews.az\/index.php?rest_route=%2Fwp%2Fv2%2Fcategories&post=42209"},{"taxonomy":"post_tag","embeddable":true,"href":"https:\/\/infonews.az\/index.php?rest_route=%2Fwp%2Fv2%2Ftags&post=42209"}],"curies":[{"name":"wp","href":"https:\/\/api.w.org\/{rel}","templated":true}]}}