{"id":42278,"date":"2024-03-18T14:15:45","date_gmt":"2024-03-18T10:15:45","guid":{"rendered":"https:\/\/infonews.az\/?p=42278"},"modified":"2024-03-18T14:16:12","modified_gmt":"2024-03-18T10:16:12","slug":"hikm%c9%99t-haciyev-pekind%c9%99-pakistanin-cind%c9%99ki-s%c9%99firi-il%c9%99-gorusub","status":"publish","type":"post","link":"https:\/\/infonews.az\/?p=42278","title":{"rendered":"Hikm\u0259t Hac\u0131yev Pekind\u0259 Pakistan\u0131n \u00c7ind\u0259ki s\u0259firi il\u0259 g\u00f6r\u00fc\u015f\u00fcb"},"content":{"rendered":"<blockquote><p>Az\u0259rbaycan Prezidentinin k\u00f6m\u0259k\u00e7isi &#8211; Prezident Administrasiyas\u0131n\u0131n Xarici siyas\u0259t m\u0259s\u0259l\u0259l\u0259ri \u015f\u00f6b\u0259sinin m\u00fcdiri Hikm\u0259t Hac\u0131yev Pekind\u0259 Pakistan\u0131n \u00c7ind\u0259ki s\u0259firi X\u0259lil Ha\u015fmi (Khalil Hashmi) il\u0259 g\u00f6r\u00fc\u015f\u00fcb.<\/p><\/blockquote>\n<p><a href=\"https:\/\/infonews.az\/\"><strong>\u201c\u0130NFONEWS\u201d<\/strong><\/a> x\u0259b\u0259r verir ki, bu bar\u0259d\u0259 o, &#8220;X&#8221;d\u0259 yaz\u0131b.<\/p>\n<p>&#8220;Pakistan\u0131n milli bayram\u0131 m\u00fcnasib\u0259til\u0259 t\u0259brikl\u0259rimi \u00e7atd\u0131rd\u0131m v\u0259 Az\u0259rbaycan il\u0259 Pakistan aras\u0131nda dostluq v\u0259 \u0259laq\u0259l\u0259rin m\u00f6hk\u0259ml\u0259ndiyini bir daha vur\u011fulad\u0131m&#8221;,- Prezidentin k\u00f6m\u0259k\u00e7isi \u0259lav\u0259 edib.<\/p>\n<blockquote class=\"twitter-tweet\">\n<p dir=\"ltr\" lang=\"en\">Today, I met with the Ambassador Khalil Hashmi of Pakistan in China and offered congratulations on national day celebrations of Pakistan in Beijing and reiterated stronger bonds of friendship and ties between Azerbaijan and Pakistan. <a href=\"https:\/\/t.co\/JL2a8Nk3q8\">pic.twitter.com\/JL2a8Nk3q8<\/a><\/p>\n<p>\u2014 Hikmet Hajiyev (@HikmetHajiyev) <a href=\"https:\/\/twitter.com\/HikmetHajiyev\/status\/1769616633960513540?ref_src=twsrc%5Etfw\">March 18, 2024<\/a><\/p><\/blockquote>\n<p><script async src=\"https:\/\/platform.twitter.com\/widgets.js\" charset=\"utf-8\"><\/script><\/p>\n","protected":false},"excerpt":{"rendered":"<p>Az\u0259rbaycan Prezidentinin k\u00f6m\u0259k\u00e7isi &#8211; Prezident Administrasiyas\u0131n\u0131n Xarici siyas\u0259t m\u0259s\u0259l\u0259l\u0259ri \u015f\u00f6b\u0259sinin m\u00fcdiri Hikm\u0259t Hac\u0131yev Pekind\u0259 Pakistan\u0131n \u00c7ind\u0259ki s\u0259firi X\u0259lil Ha\u015fmi (Khalil Hashmi) il\u0259 g\u00f6r\u00fc\u015f\u00fcb. \u201c\u0130NFONEWS\u201d x\u0259b\u0259r verir ki, bu bar\u0259d\u0259 o,&hellip; <\/p>\n","protected":false},"author":30,"featured_media":42279,"comment_status":"open","ping_status":"open","sticky":false,"template":"","format":"standard","meta":{"_mi_skip_tracking":false,"_monsterinsights_sitenote_active":false,"_monsterinsights_sitenote_note":"","_monsterinsights_sitenote_category":0,"footnotes":""},"categories":[11,10171],"tags":[68,84,239,3348,13219],"aioseo_notices":[],"_links":{"self":[{"href":"https:\/\/infonews.az\/index.php?rest_route=\/wp\/v2\/posts\/42278"}],"collection":[{"href":"https:\/\/infonews.az\/index.php?rest_route=\/wp\/v2\/posts"}],"about":[{"href":"https:\/\/infonews.az\/index.php?rest_route=\/wp\/v2\/types\/post"}],"author":[{"embeddable":true,"href":"https:\/\/infonews.az\/index.php?rest_route=\/wp\/v2\/users\/30"}],"replies":[{"embeddable":true,"href":"https:\/\/infonews.az\/index.php?rest_route=%2Fwp%2Fv2%2Fcomments&post=42278"}],"version-history":[{"count":1,"href":"https:\/\/infonews.az\/index.php?rest_route=\/wp\/v2\/posts\/42278\/revisions"}],"predecessor-version":[{"id":42280,"href":"https:\/\/infonews.az\/index.php?rest_route=\/wp\/v2\/posts\/42278\/revisions\/42280"}],"wp:featuredmedia":[{"embeddable":true,"href":"https:\/\/infonews.az\/index.php?rest_route=\/wp\/v2\/media\/42279"}],"wp:attachment":[{"href":"https:\/\/infonews.az\/index.php?rest_route=%2Fwp%2Fv2%2Fmedia&parent=42278"}],"wp:term":[{"taxonomy":"category","embeddable":true,"href":"https:\/\/infonews.az\/index.php?rest_route=%2Fwp%2Fv2%2Fcategories&post=42278"},{"taxonomy":"post_tag","embeddable":true,"href":"https:\/\/infonews.az\/index.php?rest_route=%2Fwp%2Fv2%2Ftags&post=42278"}],"curies":[{"name":"wp","href":"https:\/\/api.w.org\/{rel}","templated":true}]}}