{"id":42309,"date":"2024-03-18T15:01:13","date_gmt":"2024-03-18T11:01:13","guid":{"rendered":"https:\/\/infonews.az\/?p=42309"},"modified":"2024-03-18T15:01:23","modified_gmt":"2024-03-18T11:01:23","slug":"bayram-gunl%c9%99rind%c9%99-xaqani-parkinin-yaxinligindaki-b%c9%99zi-kuc%c9%99l%c9%99rd%c9%99-avtomobill%c9%99rin-h%c9%99r%c9%99k%c9%99tin%c9%99-m%c9%99hdudiyy%c9%99t-qoyulacaq","status":"publish","type":"post","link":"https:\/\/infonews.az\/?p=42309","title":{"rendered":"Bayram g\u00fcnl\u0259rind\u0259 Xaqani park\u0131n\u0131n yax\u0131nl\u0131\u011f\u0131ndak\u0131 b\u0259zi k\u00fc\u00e7\u0259l\u0259rd\u0259 avtomobill\u0259rin h\u0259r\u0259k\u0259tin\u0259 m\u0259hdudiyy\u0259t qoyulacaq"},"content":{"rendered":"<div class=\"texts mb-site\">\n<blockquote><p>17 mart tarixind\u0259 Xaqani ba\u011f\u0131n\u0131n yax\u0131nl\u0131\u011f\u0131ndak\u0131 k\u00fc\u00e7\u0259l\u0259rd\u0259 n\u0259qliyyat vasit\u0259l\u0259rinin h\u0259r\u0259k\u0259tin\u0259 t\u0259tbiq edil\u0259n m\u0259hdudiyy\u0259tl\u0259 ba\u011fl\u0131 Az\u0259rbaycan Yer\u00fcst\u00fc N\u0259qliyyat Agentliyi (AYNA) t\u0259r\u0259find\u0259n t\u0259hlill\u0259r apar\u0131l\u0131b.<\/p><\/blockquote>\n<p><a href=\"https:\/\/infonews.az\/\"><strong>\u201c\u0130NFONEWS\u201d<\/strong><\/a>-\u00fcn\u00a0\u00a0R\u0259q\u0259msal \u0130nki\u015faf v\u0259 N\u0259qliyyat Nazirliyin\u0259 istinad\u0259n x\u0259b\u0259rin\u0259 g\u00f6r\u0259, t\u0259hlill\u0259r\u0259 \u0259sas\u0259n, b\u00f6y\u00fck piyada ax\u0131n\u0131 m\u00fc\u015fahid\u0259 edil\u0259n \u0259razid\u0259 n\u0259qliyyat vasit\u0259l\u0259rinin h\u0259r\u0259k\u0259tinin m\u0259hdudla\u015fd\u0131r\u0131lmas\u0131 effektiv olub. Bel\u0259 ki, n\u0259qliyyat vasit\u0259l\u0259rinin h\u0259r\u0259k\u0259tin\u0259 m\u0259hdudiyy\u0259t qoyulan k\u00fc\u00e7\u0259l\u0259rin x\u00fcsusi tranzit \u0259h\u0259miyy\u0259ti yoxdur. Bu k\u00fc\u00e7\u0259l\u0259r, \u0259sas\u0259n, parklanma m\u0259qs\u0259dil\u0259 istifad\u0259 edilir.<\/p>\n<p>M\u00fcsb\u0259t n\u0259tic\u0259l\u0259r n\u0259z\u0259r\u0259 al\u0131naraq, 20-26 mart tarixl\u0259rind\u0259 \u2013 Novruz bayram\u0131 g\u00fcnl\u0259rind\u0259 d\u0259 paytaxt\u0131n Z\u0259rif\u0259 \u018fliyeva (R\u0259sul Rza k\u00fc\u00e7\u0259si il\u0259 k\u0259si\u015fm\u0259d\u0259n sonra), \u018fbd\u00fclk\u0259rim \u018flizad\u0259, T\u0259rlan \u018fliyarb\u0259yov v\u0259 Yusif M\u0259mm\u0259d\u0259liyev k\u00fc\u00e7\u0259l\u0259rind\u0259 avtomobill\u0259rin h\u0259r\u0259k\u0259tinin m\u0259hdudla\u015fd\u0131r\u0131lmas\u0131 il\u0259 ba\u011fl\u0131 q\u0259rar q\u0259bul edilib.<\/p>\n<p>Qeyd ed\u0259k ki, s\u00f6z\u00fcged\u0259n k\u00fc\u00e7\u0259l\u0259rd\u0259ki binalarda ya\u015fayan sakinl\u0259rin avtomobill\u0259ri \u00fc\u00e7\u00fcn n\u00f6mr\u0259tan\u0131ma sistemi t\u0259tbiq edilm\u0259kl\u0259 \u0259raziy\u0259 giri\u015f t\u0259min olunur. \u201cAzParking\u201d mobil t\u0259tbiqind\u0259 f\u0259rdi parklanma talonu olan sakinl\u0259r xidm\u0259td\u0259n yararlana bilirl\u0259r. Bu \u015f\u0259xsl\u0259rin avtomobill\u0259ri sistem t\u0259r\u0259find\u0259n tan\u0131n\u0131r v\u0259 onlar \u0259raziy\u0259 burax\u0131l\u0131r. \u018frazid\u0259 ya\u015fayan sakinl\u0259r\u0259 m\u0259hdudiyy\u0259t qoyulacaq \u0259raziy\u0259 avtomobill\u0259ri il\u0259 daxil olmaq \u00fc\u00e7\u00fcn \u201cAzParking\u201d mobil t\u0259tbiqi \u00fcz\u0259rind\u0259n m\u00fcraci\u0259t ed\u0259r\u0259k f\u0259rdi parklanma talonu almalar\u0131 t\u00f6vsiy\u0259 edilir.<\/p>\n<p>Sakinl\u0259r \u00fc\u00e7\u00fcn n\u0259qliyyat vasit\u0259l\u0259ri il\u0259 \u0259raziy\u0259 giri\u015f Neft\u00e7il\u0259r prospektind\u0259n T\u0259rlan \u018fliyarb\u0259yov, \u00e7\u0131x\u0131\u015f is\u0259 Yusif M\u0259mm\u0259d\u0259liyev k\u00fc\u00e7\u0259l\u0259rind\u0259n t\u0259min olunur.<\/p>\n<\/div>\n<div class=\"tags mt-site\">\n<div class=\"links\"><\/div>\n<\/div>\n","protected":false},"excerpt":{"rendered":"<p>17 mart tarixind\u0259 Xaqani ba\u011f\u0131n\u0131n yax\u0131nl\u0131\u011f\u0131ndak\u0131 k\u00fc\u00e7\u0259l\u0259rd\u0259 n\u0259qliyyat vasit\u0259l\u0259rinin h\u0259r\u0259k\u0259tin\u0259 t\u0259tbiq edil\u0259n m\u0259hdudiyy\u0259tl\u0259 ba\u011fl\u0131 Az\u0259rbaycan Yer\u00fcst\u00fc N\u0259qliyyat Agentliyi (AYNA) t\u0259r\u0259find\u0259n t\u0259hlill\u0259r apar\u0131l\u0131b. \u201c\u0130NFONEWS\u201d-\u00fcn\u00a0\u00a0R\u0259q\u0259msal \u0130nki\u015faf v\u0259 N\u0259qliyyat Nazirliyin\u0259 istinad\u0259n x\u0259b\u0259rin\u0259 g\u00f6r\u0259,&hellip; <\/p>\n","protected":false},"author":30,"featured_media":42310,"comment_status":"open","ping_status":"open","sticky":false,"template":"","format":"standard","meta":{"_mi_skip_tracking":false,"_monsterinsights_sitenote_active":false,"_monsterinsights_sitenote_note":"","_monsterinsights_sitenote_category":0,"footnotes":""},"categories":[12558,11],"tags":[11361,8690,621,5210,13230],"aioseo_notices":[],"_links":{"self":[{"href":"https:\/\/infonews.az\/index.php?rest_route=\/wp\/v2\/posts\/42309"}],"collection":[{"href":"https:\/\/infonews.az\/index.php?rest_route=\/wp\/v2\/posts"}],"about":[{"href":"https:\/\/infonews.az\/index.php?rest_route=\/wp\/v2\/types\/post"}],"author":[{"embeddable":true,"href":"https:\/\/infonews.az\/index.php?rest_route=\/wp\/v2\/users\/30"}],"replies":[{"embeddable":true,"href":"https:\/\/infonews.az\/index.php?rest_route=%2Fwp%2Fv2%2Fcomments&post=42309"}],"version-history":[{"count":2,"href":"https:\/\/infonews.az\/index.php?rest_route=\/wp\/v2\/posts\/42309\/revisions"}],"predecessor-version":[{"id":42312,"href":"https:\/\/infonews.az\/index.php?rest_route=\/wp\/v2\/posts\/42309\/revisions\/42312"}],"wp:featuredmedia":[{"embeddable":true,"href":"https:\/\/infonews.az\/index.php?rest_route=\/wp\/v2\/media\/42310"}],"wp:attachment":[{"href":"https:\/\/infonews.az\/index.php?rest_route=%2Fwp%2Fv2%2Fmedia&parent=42309"}],"wp:term":[{"taxonomy":"category","embeddable":true,"href":"https:\/\/infonews.az\/index.php?rest_route=%2Fwp%2Fv2%2Fcategories&post=42309"},{"taxonomy":"post_tag","embeddable":true,"href":"https:\/\/infonews.az\/index.php?rest_route=%2Fwp%2Fv2%2Ftags&post=42309"}],"curies":[{"name":"wp","href":"https:\/\/api.w.org\/{rel}","templated":true}]}}