{"id":42316,"date":"2024-03-19T08:52:59","date_gmt":"2024-03-19T04:52:59","guid":{"rendered":"https:\/\/infonews.az\/?p=42316"},"modified":"2024-03-19T08:52:59","modified_gmt":"2024-03-19T04:52:59","slug":"az%c9%99rbaycanin-fransadaki-s%c9%99firliyi-h%c9%99myerlil%c9%99rimiz%c9%99-muraci%c9%99t-edib","status":"publish","type":"post","link":"https:\/\/infonews.az\/?p=42316","title":{"rendered":"Az\u0259rbaycan\u0131n Fransadak\u0131 s\u0259firliyi h\u0259myerlil\u0259rimiz\u0259 m\u00fcraci\u0259t edib"},"content":{"rendered":"<blockquote><p>Az\u0259rbaycan\u0131n Fransadak\u0131 s\u0259firliyinin Konsulluq \u015f\u00f6b\u0259si bu \u00f6lk\u0259d\u0259 ya\u015fayan h\u0259myerlil\u0259rimiz\u0259 s\u0259yyar konsulluq xidm\u0259tl\u0259ri g\u00f6st\u0259r\u0259c\u0259k.<\/p><\/blockquote>\n<p><a href=\"https:\/\/infonews.az\/\"><strong>\u201c\u0130NFONEWS\u201d<\/strong><\/a>\u00a0ki, \u015f\u00f6b\u0259 aprel-iyun aylar\u0131nda Fransan\u0131n Bordo, Tuluza, Strasburq, Nitsa, Puatye, Kayen, Le-Man, Metz \u015f\u0259h\u0259rl\u0259rind\u0259 s\u0259yyar konsulluq xidm\u0259tl\u0259ri h\u0259yata ke\u00e7irm\u0259yi planla\u015fd\u0131r\u0131r.<\/p>\n<p>Xidm\u0259tl\u0259r\u0259 \u00fcmumv\u0259t\u0259nda\u015f pasportlar\u0131n\u0131n yenil\u0259nm\u0259si, konsulluq-h\u00fcquq m\u0259s\u0259l\u0259l\u0259ri \u00fczr\u0259 m\u0259sl\u0259h\u0259tl\u0259r daxildir.<\/p>\n<p>S\u0259yyar konsulluq xidm\u0259tl\u0259rinin s\u0259m\u0259r\u0259li t\u0259\u015fkil edilm\u0259si m\u0259qs\u0259dil\u0259 Az\u0259rbaycan v\u0259t\u0259nda\u015flar\u0131n\u0131n ehtiyaclar\u0131n\u0131 \u00f6nc\u0259d\u0259n \u00f6yr\u0259nm\u0259k \u00fc\u00e7\u00fcn t\u0259dbirl\u0259r\u0259 ba\u015flan\u0131l\u0131b.<\/p>\n<p>Konsulluq ad\u0131 \u00e7\u0259kil\u0259n \u015f\u0259h\u0259rl\u0259rd\u0259 ya\u015fayan Az\u0259rbaycan v\u0259t\u0259nda\u015flar\u0131na elektron po\u00e7t vasit\u0259sil\u0259 \u00f6z t\u0259klifl\u0259rini \u00fcnvanlamaq \u00fc\u00e7\u00fcn m\u00fcraci\u0259t edib.<\/p>\n","protected":false},"excerpt":{"rendered":"<p>Az\u0259rbaycan\u0131n Fransadak\u0131 s\u0259firliyinin Konsulluq \u015f\u00f6b\u0259si bu \u00f6lk\u0259d\u0259 ya\u015fayan h\u0259myerlil\u0259rimiz\u0259 s\u0259yyar konsulluq xidm\u0259tl\u0259ri g\u00f6st\u0259r\u0259c\u0259k. \u201c\u0130NFONEWS\u201d\u00a0ki, \u015f\u00f6b\u0259 aprel-iyun aylar\u0131nda Fransan\u0131n Bordo, Tuluza, Strasburq, Nitsa, Puatye, Kayen, Le-Man, Metz \u015f\u0259h\u0259rl\u0259rind\u0259 s\u0259yyar konsulluq xidm\u0259tl\u0259ri&hellip; <\/p>\n","protected":false},"author":30,"featured_media":42317,"comment_status":"open","ping_status":"open","sticky":false,"template":"","format":"standard","meta":{"_mi_skip_tracking":false,"_monsterinsights_sitenote_active":false,"_monsterinsights_sitenote_note":"","_monsterinsights_sitenote_category":0,"footnotes":""},"categories":[1,6,11,10171],"tags":[8632,13232,819,13236,13239,13237,13238,13234,13235,13233],"aioseo_notices":[],"_links":{"self":[{"href":"https:\/\/infonews.az\/index.php?rest_route=\/wp\/v2\/posts\/42316"}],"collection":[{"href":"https:\/\/infonews.az\/index.php?rest_route=\/wp\/v2\/posts"}],"about":[{"href":"https:\/\/infonews.az\/index.php?rest_route=\/wp\/v2\/types\/post"}],"author":[{"embeddable":true,"href":"https:\/\/infonews.az\/index.php?rest_route=\/wp\/v2\/users\/30"}],"replies":[{"embeddable":true,"href":"https:\/\/infonews.az\/index.php?rest_route=%2Fwp%2Fv2%2Fcomments&post=42316"}],"version-history":[{"count":1,"href":"https:\/\/infonews.az\/index.php?rest_route=\/wp\/v2\/posts\/42316\/revisions"}],"predecessor-version":[{"id":42318,"href":"https:\/\/infonews.az\/index.php?rest_route=\/wp\/v2\/posts\/42316\/revisions\/42318"}],"wp:featuredmedia":[{"embeddable":true,"href":"https:\/\/infonews.az\/index.php?rest_route=\/wp\/v2\/media\/42317"}],"wp:attachment":[{"href":"https:\/\/infonews.az\/index.php?rest_route=%2Fwp%2Fv2%2Fmedia&parent=42316"}],"wp:term":[{"taxonomy":"category","embeddable":true,"href":"https:\/\/infonews.az\/index.php?rest_route=%2Fwp%2Fv2%2Fcategories&post=42316"},{"taxonomy":"post_tag","embeddable":true,"href":"https:\/\/infonews.az\/index.php?rest_route=%2Fwp%2Fv2%2Ftags&post=42316"}],"curies":[{"name":"wp","href":"https:\/\/api.w.org\/{rel}","templated":true}]}}