{"id":42338,"date":"2024-03-19T11:33:49","date_gmt":"2024-03-19T07:33:49","guid":{"rendered":"https:\/\/infonews.az\/?p=42338"},"modified":"2024-03-19T11:33:49","modified_gmt":"2024-03-19T07:33:49","slug":"etirlis%c9%99n-dadlisan-sufr%c9%99mizin-yarasigisan-ii-cay-festivali","status":"publish","type":"post","link":"https:\/\/infonews.az\/?p=42338","title":{"rendered":"\u201c\u018ftirlis\u0259n, dadl\u0131san, s\u00fcfr\u0259mizin yara\u015f\u0131\u011f\u0131san\u201d &#8211; II \u00c7ay Festival\u0131"},"content":{"rendered":"<p><span style=\"color: #ffffff;\">\u201c\u018ftirlis\u0259n, dadl\u0131san, s\u00fcfr\u0259mizin yara\u015f\u0131\u011f\u0131san\u201d &#8211; II \u00c7ay Festival\u0131<\/span><\/p>\n<blockquote><p>Mart\u0131n 5-16-da 5 n\u00f6mr\u0259li U\u015faq-G\u0259ncl\u0259r \u0130nki\u015faf M\u0259rk\u0259zi Elm v\u0259 T\u0259hsil Nazirliyinin, M\u0259kt\u0259b\u0259q\u0259d\u0259r v\u0259 \u00dcmumi T\u0259hsil \u00fczr\u0259 D\u00f6vl\u0259t Agentliyinin d\u0259st\u0259yi il\u0259 \u201c\u018ftirlis\u0259n, dadl\u0131san, s\u00fcfr\u0259mizin yara\u015f\u0131\u011f\u0131san\u201d adl\u0131 II \u00c7ay Festival\u0131 ke\u00e7irilib.<\/p><\/blockquote>\n<p><a href=\"https:\/\/infonews.az\/?p=42338\"><span style=\"color: #333399;\"><strong>&#8220;\u0130NFONEWS&#8221;<\/strong><\/span><\/a> &#8211; un M\u0259rk\u0259zd\u0259n \u0259ld\u0259 etdiyi m\u0259lumat\u0131nda bildirilib ki, \u00c7ay Festival\u0131 \u00e7\u0259r\u00e7iv\u0259sind\u0259 mart\u0131n 5-10-da d\u0259rn\u0259k \u00fczvl\u0259ri aras\u0131nda \u201cAz\u0259rbaycan v\u0259 T\u00fcrk xalqlar\u0131n\u0131 birl\u0259\u015fdir\u0259n qonaqp\u0259rv\u0259rliyimiz \u00e7ay s\u00fcfr\u0259si arxas\u0131nda\u201d adl\u0131 \u0259n yax\u015f\u0131 t\u0259qdimat m\u00fcsabiq\u0259si t\u0259\u015fkil olunub.<\/p>\n<p>Mart\u0131n 11-12-d\u0259 \u201cS\u00fcfr\u0259l\u0259rin yara\u015f\u0131\u011f\u0131 \u00e7ay\u201d adl\u0131 r\u0259sm v\u0259 \u0259l i\u015fl\u0259ri s\u0259rgisi ke\u00e7irilib. Mart\u0131n 13-d\u0259 \u201c\u00c7ay m\u0259d\u0259niyy\u0259ti qonaqp\u0259rv\u0259rliyimizin r\u0259mzidir\u201d m\u00f6vzusunda II \u00c7ay Festival\u0131n\u0131n a\u00e7\u0131l\u0131\u015f t\u0259dbiri ke\u00e7irilib. Mart\u0131n 15-d\u0259 Astara rayon U\u015faq-G\u0259ncl\u0259r \u0130nki\u015faf M\u0259rk\u0259zi il\u0259 birg\u0259 II \u00c7ay Festival\u0131n\u0131n Qala konserti v\u0259 ustad d\u0259rs ke\u00e7irilib. \u201cAstara\u00e7ay\u201d MMC-nin n\u0259zdind\u0259 \u00c7ay muzeyin\u0259 v\u0259 \u00c7ay Fabrikin\u0259 ekskursiya t\u0259\u015fkil olunub. Mart\u0131n 16-da Astara rayon \u201cTarix- diyar\u015f\u00fcnasl\u0131q\u201d muzeyin\u0259, Hirkan Milli Qoru\u011fu \u0259razisind\u0259 yerl\u0259\u015f\u0259n Xanbulan g\u00f6l\u00fcn\u0259 ekskursiyalar t\u0259\u015fkil olunub.<\/p>\n<p><img loading=\"lazy\" decoding=\"async\" class=\"aligncenter size-full wp-image-42340\" src=\"https:\/\/infonews.az\/wp-content\/uploads\/2024\/03\/17108321894458448261_1200x630.jpeg\" alt=\"\" width=\"472\" height=\"630\" srcset=\"https:\/\/infonews.az\/wp-content\/uploads\/2024\/03\/17108321894458448261_1200x630.jpeg 472w, https:\/\/infonews.az\/wp-content\/uploads\/2024\/03\/17108321894458448261_1200x630-225x300.jpeg 225w\" sizes=\"(max-width: 472px) 100vw, 472px\" \/><\/p>\n<p><img loading=\"lazy\" decoding=\"async\" class=\"aligncenter size-full wp-image-42341\" src=\"https:\/\/infonews.az\/wp-content\/uploads\/2024\/03\/17108321894885325320_1200x630.jpeg\" alt=\"\" width=\"841\" height=\"630\" srcset=\"https:\/\/infonews.az\/wp-content\/uploads\/2024\/03\/17108321894885325320_1200x630.jpeg 841w, https:\/\/infonews.az\/wp-content\/uploads\/2024\/03\/17108321894885325320_1200x630-300x225.jpeg 300w, https:\/\/infonews.az\/wp-content\/uploads\/2024\/03\/17108321894885325320_1200x630-768x575.jpeg 768w\" sizes=\"(max-width: 841px) 100vw, 841px\" \/><\/p>\n<p><img loading=\"lazy\" decoding=\"async\" class=\"aligncenter size-full wp-image-42342\" src=\"https:\/\/infonews.az\/wp-content\/uploads\/2024\/03\/17108321892212324047_1200x630.jpeg\" alt=\"\" width=\"840\" height=\"630\" srcset=\"https:\/\/infonews.az\/wp-content\/uploads\/2024\/03\/17108321892212324047_1200x630.jpeg 840w, https:\/\/infonews.az\/wp-content\/uploads\/2024\/03\/17108321892212324047_1200x630-300x225.jpeg 300w, https:\/\/infonews.az\/wp-content\/uploads\/2024\/03\/17108321892212324047_1200x630-768x576.jpeg 768w\" sizes=\"(max-width: 840px) 100vw, 840px\" \/><\/p>\n<p><img loading=\"lazy\" decoding=\"async\" class=\"aligncenter size-full wp-image-42343\" src=\"https:\/\/infonews.az\/wp-content\/uploads\/2024\/03\/1710832189203813225_1200x630.jpeg\" alt=\"\" width=\"1142\" height=\"630\" srcset=\"https:\/\/infonews.az\/wp-content\/uploads\/2024\/03\/1710832189203813225_1200x630.jpeg 1142w, https:\/\/infonews.az\/wp-content\/uploads\/2024\/03\/1710832189203813225_1200x630-300x165.jpeg 300w, https:\/\/infonews.az\/wp-content\/uploads\/2024\/03\/1710832189203813225_1200x630-1024x565.jpeg 1024w, https:\/\/infonews.az\/wp-content\/uploads\/2024\/03\/1710832189203813225_1200x630-768x424.jpeg 768w\" sizes=\"(max-width: 1142px) 100vw, 1142px\" \/><\/p>\n","protected":false},"excerpt":{"rendered":"<p>\u201c\u018ftirlis\u0259n, dadl\u0131san, s\u00fcfr\u0259mizin yara\u015f\u0131\u011f\u0131san\u201d &#8211; II \u00c7ay Festival\u0131 Mart\u0131n 5-16-da 5 n\u00f6mr\u0259li U\u015faq-G\u0259ncl\u0259r \u0130nki\u015faf M\u0259rk\u0259zi Elm v\u0259 T\u0259hsil Nazirliyinin, M\u0259kt\u0259b\u0259q\u0259d\u0259r v\u0259 \u00dcmumi T\u0259hsil \u00fczr\u0259 D\u00f6vl\u0259t Agentliyinin d\u0259st\u0259yi il\u0259 \u201c\u018ftirlis\u0259n, dadl\u0131san,&hellip; <\/p>\n","protected":false},"author":14,"featured_media":42339,"comment_status":"open","ping_status":"open","sticky":false,"template":"","format":"standard","meta":{"_mi_skip_tracking":false,"_monsterinsights_sitenote_active":false,"_monsterinsights_sitenote_note":"","_monsterinsights_sitenote_category":0,"footnotes":""},"categories":[5373,4,11],"tags":[5303,9260,13244,15,11665],"aioseo_notices":[],"_links":{"self":[{"href":"https:\/\/infonews.az\/index.php?rest_route=\/wp\/v2\/posts\/42338"}],"collection":[{"href":"https:\/\/infonews.az\/index.php?rest_route=\/wp\/v2\/posts"}],"about":[{"href":"https:\/\/infonews.az\/index.php?rest_route=\/wp\/v2\/types\/post"}],"author":[{"embeddable":true,"href":"https:\/\/infonews.az\/index.php?rest_route=\/wp\/v2\/users\/14"}],"replies":[{"embeddable":true,"href":"https:\/\/infonews.az\/index.php?rest_route=%2Fwp%2Fv2%2Fcomments&post=42338"}],"version-history":[{"count":1,"href":"https:\/\/infonews.az\/index.php?rest_route=\/wp\/v2\/posts\/42338\/revisions"}],"predecessor-version":[{"id":42344,"href":"https:\/\/infonews.az\/index.php?rest_route=\/wp\/v2\/posts\/42338\/revisions\/42344"}],"wp:featuredmedia":[{"embeddable":true,"href":"https:\/\/infonews.az\/index.php?rest_route=\/wp\/v2\/media\/42339"}],"wp:attachment":[{"href":"https:\/\/infonews.az\/index.php?rest_route=%2Fwp%2Fv2%2Fmedia&parent=42338"}],"wp:term":[{"taxonomy":"category","embeddable":true,"href":"https:\/\/infonews.az\/index.php?rest_route=%2Fwp%2Fv2%2Fcategories&post=42338"},{"taxonomy":"post_tag","embeddable":true,"href":"https:\/\/infonews.az\/index.php?rest_route=%2Fwp%2Fv2%2Ftags&post=42338"}],"curies":[{"name":"wp","href":"https:\/\/api.w.org\/{rel}","templated":true}]}}