{"id":42403,"date":"2024-03-23T17:55:44","date_gmt":"2024-03-23T13:55:44","guid":{"rendered":"https:\/\/infonews.az\/?p=42403"},"modified":"2024-03-23T17:55:44","modified_gmt":"2024-03-23T13:55:44","slug":"putin-terrorun-%c9%99sl-t%c9%99skilatcilari-v%c9%99-sifariscil%c9%99ri-layiqli-c%c9%99zalarini-alacaqlar","status":"publish","type":"post","link":"https:\/\/infonews.az\/?p=42403","title":{"rendered":"Putin: Terrorun \u0259sl t\u0259\u015fkilat\u00e7\u0131lar\u0131 v\u0259 sifari\u015f\u00e7il\u0259ri layiqli c\u0259zalar\u0131n\u0131 alacaqlar"},"content":{"rendered":"<blockquote><p>Terrorun \u0259sl t\u0259\u015fkilat\u00e7\u0131lar\u0131 v\u0259 sifari\u015f\u00e7il\u0259ri layiqli c\u0259zalar\u0131n\u0131 alacaqlar.<\/p><\/blockquote>\n<p><a href=\"https:\/\/infonews.az\/\"><strong>\u201c\u0130NFONEWS\u201d\u00a0<\/strong><\/a>x\u0259b\u0259r verir ki, bunu Rusiya Prezidenti Vladimir Putin &#8220;Crocus City Hall&#8221;da ba\u015f ver\u0259n terror akt\u0131 il\u0259 ba\u011fl\u0131 m\u00fcraci\u0259tind\u0259 deyib.<\/p>\n<p>\u201cTerror akt\u0131nda \u0259li olan h\u0259r k\u0259s m\u00fc\u0259yy\u0259nl\u0259\u015f\u0259c\u0259k v\u0259 c\u0259zalanacaq. Rusiya k\u0259\u015ffiyyat xidm\u0259tl\u0259ri terror\u00e7ular\u0131n ortaqlar\u0131n\u0131n m\u00fc\u0259yy\u0259n edilm\u0259si \u00fcz\u0259rind\u0259 i\u015fl\u0259yir. \u0130stintaq terror akt\u0131n\u0131n b\u00fct\u00fcn t\u0259f\u0259rr\u00fcatlar\u0131n\u0131 m\u00fc\u0259yy\u0259n etm\u0259k \u00fc\u00e7\u00fcn h\u0259r \u015feyi ed\u0259c\u0259k\u201d, &#8211; o vur\u011fulay\u0131b.<\/p>\n<p>Prezidentin s\u00f6zl\u0259rin\u0259 g\u00f6r\u0259, indi ruslar\u0131n v\u0259zif\u0259si h\u0259mr\u0259y olmaqd\u0131r: \u201cKims\u0259 Rusiya v\u0259t\u0259nda\u015flar\u0131n\u0131n birliyini sars\u0131da bilm\u0259z. Rusiya \u0259n \u00e7\u0259tin s\u0131naqlar zaman\u0131 h\u0259mi\u015f\u0259 daha da g\u00fccl\u0259nib, indi d\u0259 bel\u0259 olacaq. Kims\u0259 Rusiyada nifaq toxumu s\u0259p\u0259 bilm\u0259z\u201d.<\/p>\n","protected":false},"excerpt":{"rendered":"<p>Terrorun \u0259sl t\u0259\u015fkilat\u00e7\u0131lar\u0131 v\u0259 sifari\u015f\u00e7il\u0259ri layiqli c\u0259zalar\u0131n\u0131 alacaqlar. \u201c\u0130NFONEWS\u201d\u00a0x\u0259b\u0259r verir ki, bunu Rusiya Prezidenti Vladimir Putin &#8220;Crocus City Hall&#8221;da ba\u015f ver\u0259n terror akt\u0131 il\u0259 ba\u011fl\u0131 m\u00fcraci\u0259tind\u0259 deyib. \u201cTerror akt\u0131nda \u0259li&hellip; <\/p>\n","protected":false},"author":30,"featured_media":42404,"comment_status":"open","ping_status":"open","sticky":false,"template":"","format":"standard","meta":{"_mi_skip_tracking":false,"_monsterinsights_sitenote_active":false,"_monsterinsights_sitenote_note":"","_monsterinsights_sitenote_category":0,"footnotes":""},"categories":[9,6,11],"tags":[143,910],"aioseo_notices":[],"_links":{"self":[{"href":"https:\/\/infonews.az\/index.php?rest_route=\/wp\/v2\/posts\/42403"}],"collection":[{"href":"https:\/\/infonews.az\/index.php?rest_route=\/wp\/v2\/posts"}],"about":[{"href":"https:\/\/infonews.az\/index.php?rest_route=\/wp\/v2\/types\/post"}],"author":[{"embeddable":true,"href":"https:\/\/infonews.az\/index.php?rest_route=\/wp\/v2\/users\/30"}],"replies":[{"embeddable":true,"href":"https:\/\/infonews.az\/index.php?rest_route=%2Fwp%2Fv2%2Fcomments&post=42403"}],"version-history":[{"count":2,"href":"https:\/\/infonews.az\/index.php?rest_route=\/wp\/v2\/posts\/42403\/revisions"}],"predecessor-version":[{"id":42406,"href":"https:\/\/infonews.az\/index.php?rest_route=\/wp\/v2\/posts\/42403\/revisions\/42406"}],"wp:featuredmedia":[{"embeddable":true,"href":"https:\/\/infonews.az\/index.php?rest_route=\/wp\/v2\/media\/42404"}],"wp:attachment":[{"href":"https:\/\/infonews.az\/index.php?rest_route=%2Fwp%2Fv2%2Fmedia&parent=42403"}],"wp:term":[{"taxonomy":"category","embeddable":true,"href":"https:\/\/infonews.az\/index.php?rest_route=%2Fwp%2Fv2%2Fcategories&post=42403"},{"taxonomy":"post_tag","embeddable":true,"href":"https:\/\/infonews.az\/index.php?rest_route=%2Fwp%2Fv2%2Ftags&post=42403"}],"curies":[{"name":"wp","href":"https:\/\/api.w.org\/{rel}","templated":true}]}}