{"id":42444,"date":"2024-03-23T18:09:33","date_gmt":"2024-03-23T14:09:33","guid":{"rendered":"https:\/\/infonews.az\/?p=42444"},"modified":"2024-03-23T18:09:33","modified_gmt":"2024-03-23T14:09:33","slug":"affa-prezidentliyin%c9%99-v%c9%99-icraiyy%c9%99-komit%c9%99sin%c9%99-namiz%c9%99dl%c9%99r-mu%c9%99yy%c9%99nl%c9%99sib","status":"publish","type":"post","link":"https:\/\/infonews.az\/?p=42444","title":{"rendered":"AFFA prezidentliyin\u0259 v\u0259 \u0130craiyy\u0259 Komit\u0259sin\u0259 namiz\u0259dl\u0259r m\u00fc\u0259yy\u0259nl\u0259\u015fib"},"content":{"rendered":"<blockquote><p>AFFA prezidentliyin\u0259 v\u0259 \u0130craiyy\u0259 Komit\u0259sin\u0259 namiz\u0259dl\u0259r m\u00fc\u0259yy\u0259nl\u0259\u015fib.<\/p><\/blockquote>\n<p><a href=\"https:\/\/infonews.az\/\"><strong>\u201c\u0130NFONEWS\u201d <\/strong><\/a>\u00a0milli assosiasiyan\u0131n sayt\u0131na istinad\u0259n x\u0259b\u0259r verir ki, aprelin 2-d\u0259 ke\u00e7iril\u0259c\u0259k n\u00f6vb\u0259ti Hesabat-Se\u00e7ki Konfrans\u0131nda AFFA prezidenti v\u0259 \u0130craiyy\u0259 Komit\u0259sinin \u00fczvl\u0259ri se\u00e7il\u0259c\u0259k.<\/p>\n<p>Nizamnam\u0259nin 34-c\u00fc madd\u0259sinin 4-c\u00fc b\u0259ndin\u0259 \u0259sas\u0259n, \u0130craiyy\u0259 Komit\u0259sin\u0259 namiz\u0259dl\u0259r AFFA \u00fczvl\u0259ri t\u0259r\u0259find\u0259n yaln\u0131z birba\u015fa \u00fczvl\u0259r vasit\u0259sil\u0259 Hesabat-Se\u00e7ki Konfrans\u0131n\u0131n ke\u00e7irilm\u0259 tarixind\u0259n \u0259n az\u0131 10 g\u00fcn \u0259vv\u0259l t\u0259klif olunmal\u0131d\u0131r. Qeyd olunmu\u015f m\u00fcdd\u0259t ba\u015fa \u00e7at\u0131b.<\/p>\n<p><strong>AFFA prezidentliyin\u0259 namiz\u0259d<\/strong><\/p>\n<p>1. R\u00f6v\u015f\u0259n N\u0259c\u0259f \u2013 Pe\u015f\u0259kar Futbol Liqas\u0131 \u0130ctimai Birliyi vasit\u0259si il\u0259 &#8220;Neft\u00e7i&#8221; PFK t\u0259r\u0259find\u0259n<\/p>\n<p><strong>AFFA \u0130craiyy\u0259 Komit\u0259sin\u0259 namiz\u0259dl\u0259r<\/strong><\/p>\n<p><strong>Pe\u015f\u0259kar Futbol Liqas\u0131 \u0130ctimai Birliyi \u2013 5 yer<\/strong><\/p>\n<p>1. S\u0259m\u0259d Qurbanov \u2013 &#8220;Neft\u00e7i&#8221; PFK t\u0259r\u0259find\u0259n<br \/>\n2. F\u0259rid Mansurov \u2013 Pe\u015f\u0259kar Futbol Liqas\u0131 \u0130ctimai Birliyi t\u0259r\u0259find\u0259n<br \/>\n3. X\u0259yal C\u0259f\u0259rov \u2013 &#8220;Sumqay\u0131t&#8221; FK t\u0259r\u0259find\u0259n<br \/>\n4. Qurban Qurbanov \u2013 &#8220;Qaraba\u011f&#8221; FK t\u0259r\u0259find\u0259n<br \/>\n5. Maqsud Ad\u0131g\u00f6z\u0259lov \u2013 &#8220;Sabah&#8221; FK t\u0259r\u0259find\u0259n<\/p>\n<p><strong>Regional Futbol Federasiyalar\u0131 \u0130ctimai Birliyi \u2013 3 yer<\/strong><\/p>\n<p>1. El\u015fad N\u0259sirov \u2013 Q\u0259rb Regional Futbol Federasiyas\u0131 \u0130ctimai Birliyi t\u0259r\u0259find\u0259n<br \/>\n2. Balaki\u015fi Qas\u0131mov \u2013 \u015eimal Regional Futbol Federasiyas\u0131 \u0130ctimai Birliyi t\u0259r\u0259find\u0259n<br \/>\n3. S\u0259rxan Hac\u0131yev \u2013 Regional Futbol Federasiyas\u0131 \u0130ctimai Birliyi t\u0259r\u0259find\u0259n<\/p>\n<p><strong>\u0130ctimai Futbol T\u0259\u015fkilatlar\u0131 \u0130ctimai Birliyi \u2013 2 yer<\/strong><\/p>\n<p>1. K\u00f6n\u00fcl Mehtiyeva \u2013 \u0130ctimai Futbol T\u0259\u015fkilatlar\u0131 \u0130ctimai Birliyi t\u0259r\u0259find\u0259n<br \/>\n2. Zaur Axundov \u2013 \u00dcmumaz\u0259rbaycan Futbolsev\u0259rl\u0259rin \u0130ctimai Birliyi t\u0259r\u0259find\u0259n<\/p>\n<p><strong>Sah\u0259 Futbol Federasiyalar\u0131 \u0130ctimai Birliyi \u2013 2 yer<\/strong><\/p>\n<p>1. \u00dclvi Mansurov \u2013 Az\u0259rbaycan Futzal Federasiyas\u0131 t\u0259r\u0259find\u0259n<br \/>\n2. Leyla X\u0259lilova \u2013 Az\u0259rbaycan T\u0259l\u0259b\u0259 Futbol Federasiyas\u0131 t\u0259r\u0259find\u0259n<\/p>\n","protected":false},"excerpt":{"rendered":"<p>AFFA prezidentliyin\u0259 v\u0259 \u0130craiyy\u0259 Komit\u0259sin\u0259 namiz\u0259dl\u0259r m\u00fc\u0259yy\u0259nl\u0259\u015fib. \u201c\u0130NFONEWS\u201d \u00a0milli assosiasiyan\u0131n sayt\u0131na istinad\u0259n x\u0259b\u0259r verir ki, aprelin 2-d\u0259 ke\u00e7iril\u0259c\u0259k n\u00f6vb\u0259ti Hesabat-Se\u00e7ki Konfrans\u0131nda AFFA prezidenti v\u0259 \u0130craiyy\u0259 Komit\u0259sinin \u00fczvl\u0259ri se\u00e7il\u0259c\u0259k. Nizamnam\u0259nin 34-c\u00fc&hellip; <\/p>\n","protected":false},"author":30,"featured_media":42445,"comment_status":"open","ping_status":"open","sticky":false,"template":"","format":"standard","meta":{"_mi_skip_tracking":false,"_monsterinsights_sitenote_active":false,"_monsterinsights_sitenote_note":"","_monsterinsights_sitenote_category":0,"footnotes":""},"categories":[58,11],"tags":[174,59],"aioseo_notices":[],"_links":{"self":[{"href":"https:\/\/infonews.az\/index.php?rest_route=\/wp\/v2\/posts\/42444"}],"collection":[{"href":"https:\/\/infonews.az\/index.php?rest_route=\/wp\/v2\/posts"}],"about":[{"href":"https:\/\/infonews.az\/index.php?rest_route=\/wp\/v2\/types\/post"}],"author":[{"embeddable":true,"href":"https:\/\/infonews.az\/index.php?rest_route=\/wp\/v2\/users\/30"}],"replies":[{"embeddable":true,"href":"https:\/\/infonews.az\/index.php?rest_route=%2Fwp%2Fv2%2Fcomments&post=42444"}],"version-history":[{"count":1,"href":"https:\/\/infonews.az\/index.php?rest_route=\/wp\/v2\/posts\/42444\/revisions"}],"predecessor-version":[{"id":42446,"href":"https:\/\/infonews.az\/index.php?rest_route=\/wp\/v2\/posts\/42444\/revisions\/42446"}],"wp:featuredmedia":[{"embeddable":true,"href":"https:\/\/infonews.az\/index.php?rest_route=\/wp\/v2\/media\/42445"}],"wp:attachment":[{"href":"https:\/\/infonews.az\/index.php?rest_route=%2Fwp%2Fv2%2Fmedia&parent=42444"}],"wp:term":[{"taxonomy":"category","embeddable":true,"href":"https:\/\/infonews.az\/index.php?rest_route=%2Fwp%2Fv2%2Fcategories&post=42444"},{"taxonomy":"post_tag","embeddable":true,"href":"https:\/\/infonews.az\/index.php?rest_route=%2Fwp%2Fv2%2Ftags&post=42444"}],"curies":[{"name":"wp","href":"https:\/\/api.w.org\/{rel}","templated":true}]}}