{"id":42469,"date":"2024-03-22T14:25:04","date_gmt":"2024-03-22T10:25:04","guid":{"rendered":"https:\/\/infonews.az\/?p=42469"},"modified":"2024-03-23T18:26:14","modified_gmt":"2024-03-23T14:26:14","slug":"zaxarova-vasinqtonun-terror-akti-il%c9%99-bagli-aciqlamasindan-narazi-qalib","status":"publish","type":"post","link":"https:\/\/infonews.az\/?p=42469","title":{"rendered":"Zaxarova Va\u015finqtonun terror akt\u0131 il\u0259 ba\u011fl\u0131 a\u00e7\u0131qlamas\u0131ndan naraz\u0131 qal\u0131b"},"content":{"rendered":"<blockquote><p>Rusiya Xarici \u0130\u015fl\u0259r Nazirliyinin s\u00f6z\u00e7\u00fcs\u00fc Mariya Zaxarova r\u0259smi Va\u015finqtonun Krasnoqorskda ba\u015f vermi\u015f terror akt\u0131 il\u0259 ba\u011fl\u0131 a\u00e7\u0131qlamas\u0131ndan naraz\u0131 qalaraq qar\u015f\u0131 t\u0259r\u0259fi m\u0259lumat verm\u0259m\u0259kd\u0259 su\u00e7lay\u0131b.<\/p><\/blockquote>\n<p><a href=\"https:\/\/infonews.az\/\"><strong>\u201c\u0130NFONEWS\u201d\u00a0<\/strong><\/a>x\u0259b\u0259r verir ki, bu bar\u0259d\u0259 diplomat <a href=\"https:\/\/t.me\/MariaVladimirovnaZakharova\/7507\" target=\"_blank\" rel=\"noopener\">teleqramda<\/a>\u00a0yaz\u0131b.<\/p>\n<p>\u201cVa\u015finqtondak\u0131 r\u0259smil\u0259r hans\u0131 \u0259sasla faci\u0259nin ortas\u0131nda kimins\u0259 t\u0259qsirsizliyi il\u0259 ba\u011fl\u0131 n\u0259tic\u0259 \u00e7\u0131xar\u0131rlar? \u018fg\u0259r AB\u015e-nin bununla ba\u011fl\u0131 m\u00f6t\u0259b\u0259r m\u0259lumat\u0131 varsa v\u0259 ya olubsa, o zaman o, d\u0259rhal Rusiya t\u0259r\u0259fin\u0259 \u00f6t\u00fcrm\u0259lidir\u201d, \u2013 o qeyd edib.<\/p>\n<p>Qeyd ed\u0259k ki, A\u011f ev Rusiyada ba\u015f vermi\u015f terror akt\u0131nda Ukrayna v\u0259 ya ukraynal\u0131lar\u0131n \u0259li olmas\u0131nda he\u00e7 bir \u0259lam\u0259t g\u00f6rm\u0259diyini a\u00e7\u0131qlay\u0131b.<\/p>\n<p>Xat\u0131rladaq ki, Rusiyan\u0131n Moskva vilay\u0259tinin Krasnoqorsk \u015f\u0259h\u0259rinin \u201cKrokus siti holl\u201d konsert zal\u0131nda ba\u015f vermi\u015f terror akt\u0131nda onlarla insan \u00f6l\u00fcb, y\u00fczd\u0259n \u00e7ox insan\u00a0yaralan\u0131b.<\/p>\n","protected":false},"excerpt":{"rendered":"<p>Rusiya Xarici \u0130\u015fl\u0259r Nazirliyinin s\u00f6z\u00e7\u00fcs\u00fc Mariya Zaxarova r\u0259smi Va\u015finqtonun Krasnoqorskda ba\u015f vermi\u015f terror akt\u0131 il\u0259 ba\u011fl\u0131 a\u00e7\u0131qlamas\u0131ndan naraz\u0131 qalaraq qar\u015f\u0131 t\u0259r\u0259fi m\u0259lumat verm\u0259m\u0259kd\u0259 su\u00e7lay\u0131b. \u201c\u0130NFONEWS\u201d\u00a0x\u0259b\u0259r verir ki, bu bar\u0259d\u0259 diplomat&hellip; <\/p>\n","protected":false},"author":30,"featured_media":42401,"comment_status":"open","ping_status":"open","sticky":false,"template":"","format":"standard","meta":{"_mi_skip_tracking":false,"_monsterinsights_sitenote_active":false,"_monsterinsights_sitenote_note":"","_monsterinsights_sitenote_category":0,"footnotes":""},"categories":[9,6,11],"tags":[143,910],"aioseo_notices":[],"_links":{"self":[{"href":"https:\/\/infonews.az\/index.php?rest_route=\/wp\/v2\/posts\/42469"}],"collection":[{"href":"https:\/\/infonews.az\/index.php?rest_route=\/wp\/v2\/posts"}],"about":[{"href":"https:\/\/infonews.az\/index.php?rest_route=\/wp\/v2\/types\/post"}],"author":[{"embeddable":true,"href":"https:\/\/infonews.az\/index.php?rest_route=\/wp\/v2\/users\/30"}],"replies":[{"embeddable":true,"href":"https:\/\/infonews.az\/index.php?rest_route=%2Fwp%2Fv2%2Fcomments&post=42469"}],"version-history":[{"count":1,"href":"https:\/\/infonews.az\/index.php?rest_route=\/wp\/v2\/posts\/42469\/revisions"}],"predecessor-version":[{"id":42470,"href":"https:\/\/infonews.az\/index.php?rest_route=\/wp\/v2\/posts\/42469\/revisions\/42470"}],"wp:featuredmedia":[{"embeddable":true,"href":"https:\/\/infonews.az\/index.php?rest_route=\/wp\/v2\/media\/42401"}],"wp:attachment":[{"href":"https:\/\/infonews.az\/index.php?rest_route=%2Fwp%2Fv2%2Fmedia&parent=42469"}],"wp:term":[{"taxonomy":"category","embeddable":true,"href":"https:\/\/infonews.az\/index.php?rest_route=%2Fwp%2Fv2%2Fcategories&post=42469"},{"taxonomy":"post_tag","embeddable":true,"href":"https:\/\/infonews.az\/index.php?rest_route=%2Fwp%2Fv2%2Ftags&post=42469"}],"curies":[{"name":"wp","href":"https:\/\/api.w.org\/{rel}","templated":true}]}}