{"id":42519,"date":"2024-03-22T12:55:22","date_gmt":"2024-03-22T08:55:22","guid":{"rendered":"https:\/\/infonews.az\/?p=42519"},"modified":"2024-03-23T18:56:36","modified_gmt":"2024-03-23T14:56:36","slug":"nato-rusiya-il%c9%99-toqqusmaya-hazirdir","status":"publish","type":"post","link":"https:\/\/infonews.az\/?p=42519","title":{"rendered":"NATO Rusiya il\u0259 toqqu\u015fmaya haz\u0131rd\u0131r"},"content":{"rendered":"<blockquote><p>NATO Rusiya il\u0259 toqqu\u015fmaya haz\u0131rd\u0131r.<\/p><\/blockquote>\n<p><a href=\"https:\/\/infonews.az\/\"><strong>\u201c\u0130NFONEWS\u201d\u00a0<\/strong><\/a>x\u0259b\u0259r verir ki, bunu NATO H\u0259rbi Komit\u0259sinin r\u0259hb\u0259ri, admiral Rob Bauer Ukrayna K\u0130V-in\u0259 m\u00fcsahib\u0259sind\u0259 deyib.<\/p>\n<p>O bildirib ki, bel\u0259 bir ssenariy\u0259 haz\u0131r olmaq Alyans\u0131n \u0259sas v\u0259zif\u0259sidir: \u201cM\u0259s\u0259l\u0259 ondad\u0131r ki, qar\u015f\u0131 t\u0259r\u0259fin n\u0259 vaxt n\u0259 ed\u0259c\u0259yini bilmirik. Ona g\u00f6r\u0259 d\u0259 haz\u0131r olmal\u0131y\u0131q. Bu g\u00fcn m\u00fcharib\u0259 ba\u015flayarsa, biz \u0259limizd\u0259ki imkanlarla m\u00fcbariz\u0259 aparmal\u0131 olaca\u011f\u0131q\u201d.<\/p>\n<p>NATO r\u0259smisi Alyans\u0131n x\u00fcsusil\u0259 \u015f\u0259rq s\u0259rh\u0259dl\u0259rini g\u00fccl\u0259ndirdiyini diqq\u0259t\u0259 \u00e7atd\u0131r\u0131b: \u201cRusiyan\u0131n m\u00fcxt\u0259lif yerl\u0259rd\u0259, o c\u00fcml\u0259d\u0259n kosmosdak\u0131 h\u0259r\u0259k\u0259tl\u0259rini diqq\u0259tl\u0259 izl\u0259yirik. Laz\u0131m g\u0259l\u0259nd\u0259 d\u0259 reaksiya veril\u0259c\u0259k. Biz g\u00f6r\u00fcr\u00fck ki, Rusiya \u0259h\u0259miyy\u0259tli miqdarda silah istehsal etm\u0259k imkan\u0131na malikdir, lakin m\u00fcharib\u0259 ba\u015flayandan b\u0259ri onun keyfiyy\u0259ti durmadan a\u015fa\u011f\u0131 d\u00fc\u015f\u00fcr. M\u00fc\u0259yy\u0259n planlar\u0131 var, amma m\u00fcharib\u0259 apar\u0131rlar, ona g\u00f6r\u0259 d\u0259 onlara \u00e7ox vaxt laz\u0131md\u0131r. Onlar \u00fc\u00e7\u00fcn asan olmayacaq\u201d.<\/p>\n<p>R.Bauerin s\u00f6zl\u0259rin\u0259 g\u00f6r\u0259, Ukraynada NATO qo\u015funlar\u0131 yoxdur: \u201cBizim bel\u0259 bir plan\u0131m\u0131z da yoxdur. NATO-nun ayr\u0131-ayr\u0131 \u00f6lk\u0259l\u0259ri bu bar\u0259d\u0259 d\u00fc\u015f\u00fcn\u00fcrl\u0259rs\u0259, m\u00fctl\u0259q m\u0259sl\u0259h\u0259tl\u0259\u015fm\u0259lidirl\u0259r\u201d.<\/p>\n<p>Admiral qeyd edib ki, hans\u0131 \u00f6lk\u0259l\u0259rin Ukraynaya hans\u0131 silahlar g\u00f6nd\u0259r\u0259c\u0259yin\u0259 NATO q\u0259rar ver\u0259 bilm\u0259z: \u201cBu, m\u00fcst\u0259qil se\u00e7imdir. Biz kimis\u0259 buna m\u0259cbur ed\u0259 bilm\u0259rik\u201d.<\/p>\n<p>Xat\u0131rladaq ki, Rusiya il\u0259 Ukrayna aras\u0131nda m\u00fcharib\u0259 2022-ci il fevral\u0131n 24-d\u0259 ba\u015flay\u0131b. Ukrayna Prezidenti Volodimir Zelenski daha \u0259vv\u0259l bildirib ki, Q\u0259rb d\u0259st\u0259yi dayand\u0131rsa, \u00f6lk\u0259si geri \u00e7\u0259kil\u0259c\u0259k. AB\u015e h\u0259l\u0259 ki Ukraynaya yard\u0131m\u0131 dayand\u0131r\u0131b. Bundan \u0259vv\u0259l xarici K\u0130V-l\u0259r yazm\u0131\u015fd\u0131 ki, AB\u015e Ukraynadan h\u00fccumdan m\u00fcdafi\u0259 strategiyas\u0131na ke\u00e7m\u0259yi t\u0259l\u0259b edir. AB\u015e d\u00f6vl\u0259t katibi Antoni Blinken daha \u0259vv\u0259l Ukraynan\u0131n \u00e7\u0259tin v\u0259ziyy\u0259td\u0259 oldu\u011funu a\u00e7\u0131qlay\u0131b. T\u00fcrkiy\u0259nin xarici i\u015fl\u0259r naziri Hakan Fidan is\u0259 bildirib ki, Rusiya il\u0259 Ukrayna aras\u0131nda s\u00fclh\u00fcn vaxt\u0131 \u00e7at\u0131b. V.Zelenski daha \u0259vv\u0259l qeyd edib ki, at\u0259\u015fk\u0259s h\u0259m Ukrayna, h\u0259m d\u0259 \u015e\u0259rqi Avropa \u00fc\u00e7\u00fcn ciddi t\u0259hl\u00fck\u0259 yaradacaq.<\/p>\n","protected":false},"excerpt":{"rendered":"<p>NATO Rusiya il\u0259 toqqu\u015fmaya haz\u0131rd\u0131r. \u201c\u0130NFONEWS\u201d\u00a0x\u0259b\u0259r verir ki, bunu NATO H\u0259rbi Komit\u0259sinin r\u0259hb\u0259ri, admiral Rob Bauer Ukrayna K\u0130V-in\u0259 m\u00fcsahib\u0259sind\u0259 deyib. O bildirib ki, bel\u0259 bir ssenariy\u0259 haz\u0131r olmaq Alyans\u0131n \u0259sas&hellip; <\/p>\n","protected":false},"author":30,"featured_media":42520,"comment_status":"open","ping_status":"open","sticky":false,"template":"","format":"standard","meta":{"_mi_skip_tracking":false,"_monsterinsights_sitenote_active":false,"_monsterinsights_sitenote_note":"","_monsterinsights_sitenote_category":0,"footnotes":""},"categories":[9,6,11],"tags":[674,143],"aioseo_notices":[],"_links":{"self":[{"href":"https:\/\/infonews.az\/index.php?rest_route=\/wp\/v2\/posts\/42519"}],"collection":[{"href":"https:\/\/infonews.az\/index.php?rest_route=\/wp\/v2\/posts"}],"about":[{"href":"https:\/\/infonews.az\/index.php?rest_route=\/wp\/v2\/types\/post"}],"author":[{"embeddable":true,"href":"https:\/\/infonews.az\/index.php?rest_route=\/wp\/v2\/users\/30"}],"replies":[{"embeddable":true,"href":"https:\/\/infonews.az\/index.php?rest_route=%2Fwp%2Fv2%2Fcomments&post=42519"}],"version-history":[{"count":1,"href":"https:\/\/infonews.az\/index.php?rest_route=\/wp\/v2\/posts\/42519\/revisions"}],"predecessor-version":[{"id":42521,"href":"https:\/\/infonews.az\/index.php?rest_route=\/wp\/v2\/posts\/42519\/revisions\/42521"}],"wp:featuredmedia":[{"embeddable":true,"href":"https:\/\/infonews.az\/index.php?rest_route=\/wp\/v2\/media\/42520"}],"wp:attachment":[{"href":"https:\/\/infonews.az\/index.php?rest_route=%2Fwp%2Fv2%2Fmedia&parent=42519"}],"wp:term":[{"taxonomy":"category","embeddable":true,"href":"https:\/\/infonews.az\/index.php?rest_route=%2Fwp%2Fv2%2Fcategories&post=42519"},{"taxonomy":"post_tag","embeddable":true,"href":"https:\/\/infonews.az\/index.php?rest_route=%2Fwp%2Fv2%2Ftags&post=42519"}],"curies":[{"name":"wp","href":"https:\/\/api.w.org\/{rel}","templated":true}]}}