{"id":426,"date":"2020-12-07T15:08:08","date_gmt":"2020-12-07T11:08:08","guid":{"rendered":"http:\/\/infonews.az\/?p=426"},"modified":"2020-12-07T21:41:40","modified_gmt":"2020-12-07T17:41:40","slug":"mudafi%c9%99-nazirliyinin-bir-sira-h%c9%99rbi-qulluqcularina-general-mayor-rutb%c9%99si-verilib","status":"publish","type":"post","link":"https:\/\/infonews.az\/?p=426","title":{"rendered":"M\u00fcdafi\u0259 Nazirliyinin bir s\u0131ra h\u0259rbi qulluq\u00e7ular\u0131na general-mayor r\u00fctb\u0259si verilib"},"content":{"rendered":"<blockquote>\n<p class=\"news_heading\">Az\u0259rbaycan Respublikas\u0131 M\u00fcdafi\u0259 Nazirliyinin bir s\u0131ra h\u0259rbi qulluq\u00e7ular\u0131na \u201cgeneral-mayor\u201d h\u0259rbi r\u00fctb\u0259si verilib.<\/p>\n<\/blockquote>\n<p><span style=\"color: #ff0000;\"><a style=\"color: #ff0000;\" href=\"http:\/\/infonews.az\/\">\u201c\u0130NFONEWS\u201d<\/a><\/span>\u00a0x\u0259b\u0259r verir ki, Az\u0259rbaycan respublikas\u0131n\u0131n Prezidenti c\u0259nab \u0130lham \u018fliyev bu bar\u0259d\u0259 S\u0259r\u0259ncam imzalay\u0131b. S\u0259r\u0259ncamda deyilir:<\/p>\n<p>Az\u0259rbaycan Respublikas\u0131 Konstitusiyas\u0131n\u0131n 109-cu madd\u0259sinin 24-c\u00fc b\u0259ndini r\u0259hb\u0259r tutaraq q\u0259rara al\u0131ram:<\/p>\n<p>Az\u0259rbaycan Respublikas\u0131 M\u00fcdafi\u0259 Nazirliyinin a\u015fa\u011f\u0131dak\u0131 h\u0259rbi qulluq\u00e7ular\u0131na \u201cgeneral-mayor\u201d ali h\u0259rbi r\u00fctb\u0259si verilsin:<\/p>\n<p>polkovnik A\u011famir \u018fzizxan o\u011flu Sultanova<\/p>\n<p>polkovnik Anar T\u0259v\u0259kk\u00fcl o\u011flu K\u0259rimova<\/p>\n<p>polkovnik Namiq S\u0259r\u0259fruz o\u011flu \u0130slamzad\u0259y\u0259<\/p>\n<p>polkovnik Zaur Sabir o\u011flu M\u0259mm\u0259dova.<\/p>\n<p>\u0130lham \u018fliyev<\/p>\n<p>Az\u0259rbaycan Respublikas\u0131n\u0131n Prezidenti<\/p>\n<p>Bak\u0131 \u015f\u0259h\u0259ri, 7 dekabr 2020-ci il.<\/p>\n","protected":false},"excerpt":{"rendered":"<p>Az\u0259rbaycan Respublikas\u0131 M\u00fcdafi\u0259 Nazirliyinin bir s\u0131ra h\u0259rbi qulluq\u00e7ular\u0131na \u201cgeneral-mayor\u201d h\u0259rbi r\u00fctb\u0259si verilib. \u201c\u0130NFONEWS\u201d\u00a0x\u0259b\u0259r verir ki, Az\u0259rbaycan respublikas\u0131n\u0131n Prezidenti c\u0259nab \u0130lham \u018fliyev bu bar\u0259d\u0259 S\u0259r\u0259ncam imzalay\u0131b. S\u0259r\u0259ncamda deyilir: Az\u0259rbaycan Respublikas\u0131 Konstitusiyas\u0131n\u0131n&hellip; <\/p>\n","protected":false},"author":3,"featured_media":99,"comment_status":"open","ping_status":"open","sticky":false,"template":"","format":"standard","meta":{"_mi_skip_tracking":false,"_monsterinsights_sitenote_active":false,"_monsterinsights_sitenote_note":"","_monsterinsights_sitenote_category":0,"footnotes":""},"categories":[6,11],"tags":[20],"aioseo_notices":[],"_links":{"self":[{"href":"https:\/\/infonews.az\/index.php?rest_route=\/wp\/v2\/posts\/426"}],"collection":[{"href":"https:\/\/infonews.az\/index.php?rest_route=\/wp\/v2\/posts"}],"about":[{"href":"https:\/\/infonews.az\/index.php?rest_route=\/wp\/v2\/types\/post"}],"author":[{"embeddable":true,"href":"https:\/\/infonews.az\/index.php?rest_route=\/wp\/v2\/users\/3"}],"replies":[{"embeddable":true,"href":"https:\/\/infonews.az\/index.php?rest_route=%2Fwp%2Fv2%2Fcomments&post=426"}],"version-history":[{"count":1,"href":"https:\/\/infonews.az\/index.php?rest_route=\/wp\/v2\/posts\/426\/revisions"}],"predecessor-version":[{"id":427,"href":"https:\/\/infonews.az\/index.php?rest_route=\/wp\/v2\/posts\/426\/revisions\/427"}],"wp:featuredmedia":[{"embeddable":true,"href":"https:\/\/infonews.az\/index.php?rest_route=\/wp\/v2\/media\/99"}],"wp:attachment":[{"href":"https:\/\/infonews.az\/index.php?rest_route=%2Fwp%2Fv2%2Fmedia&parent=426"}],"wp:term":[{"taxonomy":"category","embeddable":true,"href":"https:\/\/infonews.az\/index.php?rest_route=%2Fwp%2Fv2%2Fcategories&post=426"},{"taxonomy":"post_tag","embeddable":true,"href":"https:\/\/infonews.az\/index.php?rest_route=%2Fwp%2Fv2%2Ftags&post=426"}],"curies":[{"name":"wp","href":"https:\/\/api.w.org\/{rel}","templated":true}]}}