{"id":4260,"date":"2021-02-11T18:53:06","date_gmt":"2021-02-11T14:53:06","guid":{"rendered":"https:\/\/infonews.az\/?p=4260"},"modified":"2021-02-11T18:58:03","modified_gmt":"2021-02-11T14:58:03","slug":"dayaniqli-inkisafin-yeni-ufuql%c9%99ri-etibar-sadiqov","status":"publish","type":"post","link":"https:\/\/infonews.az\/?p=4260","title":{"rendered":"DAYANIQLI \u0130NK\u0130\u015eAFIN YEN\u0130 \u00dcF\u00dcQL\u018fR\u0130- Etibar Sad\u0131qov"},"content":{"rendered":"<p><a href=\"http:\/\/infonews.az\"><strong>\u0130NFONEWS<\/strong><\/a> t\u0259qdim edir:<br \/>\n&#8220;Biz\u0259 yax\u015f\u0131 m\u0259lumdur ki, son 17 ild\u0259 \u00f6lk\u0259mizin sosial-iqtisadi v\u0259 m\u0259d\u0259ni h\u0259yat\u0131nda b\u00f6y\u00fck inki\u015faf yolu ke\u00e7ilib, Az\u0259rbaycan\u0131n iqtisadiyyat\u0131 dinamik inki\u015faf edib, beyn\u0259lxalq n\u00fcfuzu \u0259h\u0259miyy\u0259tli d\u0259r\u0259c\u0259d\u0259 art\u0131b, c\u0259miyy\u0259td\u0259 d\u00f6vl\u0259t\u00e7ilik \u0259n\u0259n\u0259l\u0259ri g\u00fccl\u0259nib. Geni\u015f sosial-iqtisadi infrastruktur quruculu\u011funun u\u011furla h\u0259yata ke\u00e7irilm\u0259si \u00f6lk\u0259nin h\u0259rbi q\u00fcdr\u0259tin\u0259 d\u0259 m\u00fcsb\u0259t t\u0259sir g\u00f6st\u0259rib. Torpaqlar\u0131m\u0131z\u0131n i\u015f\u011faldan azad edilm\u0259sind\u0259 v\u0259 \u00f6lk\u0259mizin \u0259razi b\u00fct\u00f6vl\u00fcy\u00fcn\u00fcn b\u0259rpas\u0131nda bu amill\u0259rin h\u0259lledici rolu olub. Az\u0259rbaycan\u0131n \u0259razi b\u00fct\u00f6vl\u00fcy\u00fcn\u00fcn t\u0259min olunmas\u0131 xalq\u0131m\u0131z\u0131n \u00e7ox\u0259srlik tarixind\u0259 m\u00f6ht\u0259\u015f\u0259m yer tutur. D\u00f6vl\u0259t s\u0259rh\u0259dl\u0259rini b\u0259rpa etm\u0259kl\u0259 Az\u0259rbaycan xalq\u0131 son bir \u0259srd\u0259 h\u0259rbi v\u0259 diplomatik sah\u0259d\u0259 \u0259n b\u00f6y\u00fck z\u0259f\u0259r\u0259 nail oldu. B\u00f6y\u00fck Qay\u0131d\u0131\u015f v\u0259t\u0259nda\u015flar\u0131m\u0131z\u0131n i\u015f\u011faldan azad edilmi\u015f \u0259razil\u0259rd\u0259 dayan\u0131ql\u0131 m\u0259skunla\u015fmas\u0131nda v\u0259 bu \u0259razil\u0259rin \u00f6lk\u0259nin iqtisadi f\u0259aliyy\u0259tin\u0259 qo\u015fulmas\u0131nda bir k\u00f6rp\u00fc olacaqd\u0131r. Az\u0259rbaycan\u0131n h\u0259rb v\u0259 diplomatiya sah\u0259sind\u0259 \u0259ld\u0259 etdiyi u\u011furlar bu g\u00fcn yeni, sistemli v\u0259 davaml\u0131 islahatlara yol a\u00e7\u0131r.<br \/>\nM\u0259hz bu m\u0259rh\u0259l\u0259d\u0259 qar\u015f\u0131da duran \u0259n \u00fcmd\u0259 v\u0259zif\u0259l\u0259ri m\u00fc\u0259yy\u0259nl\u0259\u015fdirm\u0259k z\u0259rur\u0259ti yaranm\u0131\u015fd\u0131r. Bu bax\u0131mdan m\u00f6ht\u0259r\u0259m Prezidentimiz \u0130lham \u018fliyevin n\u00f6vb\u0259ti 10 il \u00fc\u00e7\u00fcn t\u0259sdiq etdiyi \u201cAz\u0259rbaycan 2030: sosial-iqtisadi inki\u015fafa dair Milli Prioritetl\u0259r\u201d adl\u0131 proqram c\u0259miyy\u0259timizd\u0259 b\u00f6y\u00fck rezonans do\u011furub.. D\u00f6vr\u00fcm\u00fcz \u00fc\u00e7\u00fcn \u00e7ox m\u00fch\u00fcm \u0259h\u0259miyy\u0259ti olan bu s\u0259n\u0259dd\u0259n g\u00f6r\u00fcn\u00fcr ki, milli maraqlar v\u0259 strateji planlaman\u0131n v\u0259hd\u0259ti, \u00f6lk\u0259mizin yeni siyasi-iqtisadi reall\u0131\u011f\u0131, iqtisadi t\u0259r\u0259qqinin regionun inki\u015faf\u0131n\u0131 v\u0259 xalq\u0131n rifah\u0131n\u0131 t\u0259min etm\u0259si milli prioritetl\u0259rin m\u00fctl\u0259q \u00fcst\u00fcnl\u00fcy\u00fcd\u00fcr. R\u0259qab\u0259tqabiliyy\u0259tli iqtisadiyyat, \u0259dal\u0259tli c\u0259miyy\u0259t, m\u00fcasir innovasiyalar, b\u00f6y\u00fck qay\u0131d\u0131\u015f v\u0259 t\u0259miz \u0259traf m\u00fchit bu g\u00fcn d\u00f6vl\u0259tin idar\u0259olunmas\u0131nda strategiyan\u0131n \u0259sas h\u0259d\u0259fl\u0259rind\u0259ndir. S\u00f6z\u00fcged\u0259n strateji idar\u0259etm\u0259 metodu, eyni zamanda \u00f6lk\u0259mizin g\u0259l\u0259c\u0259k inki\u015faf m\u0259nz\u0259r\u0259sini d\u0259 m\u00fc\u0259yy\u0259n edir.<br \/>\n\u201cAz\u0259rbaycan 2030: sosial-iqtisadi inki\u015fafa dair Milli Prioritetl\u0259r\u201dd\u0259 d\u0259 D\u00f6vl\u0259timizin ba\u015f\u00e7\u0131s\u0131n\u0131n t\u0259sdiq etdiyi S\u0259r\u0259ncam d\u00f6vl\u0259tin n\u00f6vb\u0259ti 5 strateji prioritetini m\u00fc\u0259yy\u0259n edib. \u00d6lk\u0259nin sosial-iqtisadi inki\u015faf\u0131na y\u00f6n\u0259ldil\u0259n h\u0259min prioritetl\u0259rin birincisi dayan\u0131ql\u0131 artan r\u0259qab\u0259tqabiliyy\u0259tli iqtisadiyyata nail olmaqd\u0131r. \u0130kinci h\u0259d\u0259f dinamik, inkl\u00fcziv v\u0259 sosial \u0259dal\u0259t\u0259 \u0259saslanan c\u0259miyy\u0259tin formala\u015fd\u0131r\u0131lmas\u0131d\u0131r. R\u0259qab\u0259tli insan kapital\u0131 v\u0259 m\u00fcasir innovasiyalar m\u0259kan\u0131n\u0131n yarad\u0131lmas\u0131 prioritetl\u0259rin \u00fc\u00e7\u00fcnc\u00fc s\u0131ras\u0131nda dayan\u0131r. D\u00f6rd\u00fcnc\u00fc taley\u00fckl\u00fc m\u0259s\u0259l\u0259 i\u015f\u011faldan azad edilmi\u015f \u0259razil\u0259r\u0259 b\u00f6y\u00fck qay\u0131d\u0131\u015f\u0131n t\u0259min olunmas\u0131d\u0131r. N\u0259hay\u0259t, be\u015finci prioritet Az\u0259rbaycan\u0131n t\u0259miz \u0259traf m\u00fchit v\u0259 \u201cya\u015f\u0131l art\u0131m\u201d \u00f6lk\u0259si kimi d\u0259 \u015f\u00f6hr\u0259tl\u0259nm\u0259sidir.<br \/>\nS\u00f6zs\u00fcz ki, Prezident \u0130lham \u018fliyevin r\u0259hb\u0259rliyi alt\u0131nda dinamik inki\u015faf yolunda add\u0131mlayan q\u00fcdr\u0259tli Az\u0259rbaycan\u0131n b\u00fct\u00fcn sah\u0259l\u0259rd\u0259 \u0259ld\u0259 etdiyi u\u011furlar h\u0259r birimiz t\u0259r\u0259find\u0259n b\u00f6y\u00fck iftixarla qar\u015f\u0131lan\u0131r, t\u0259qdir edilir. \u00d6lk\u0259 ba\u015f\u00e7\u0131s\u0131n\u0131n xalq\u0131n g\u00fcz\u0259ran\u0131n\u0131n, sosial-rifah hal\u0131n\u0131n art\u0131r\u0131lmas\u0131na xidm\u0259t ed\u0259n m\u0259qs\u0259dy\u00f6nl\u00fc siyas\u0259tinin davam\u0131 olan \u201cAz\u0259rbaycan 2030: sosial-iqtisadi inki\u015fafa dair Milli Prioritetl\u0259r\u201d adl\u0131 proqram da m\u0259hz v\u0259t\u0259nda\u015flar\u0131n sosial rifah\u0131n\u0131, uzun\u00f6m\u00fcrl\u00fcl\u00fcy\u00fcn\u00fc, sa\u011flam h\u0259yat t\u0259rzini, t\u0259hsilini, t\u0259miz ekoloji m\u00fchitini t\u0259min edilm\u0259sin\u0259 b\u00f6y\u00fck t\u00f6hf\u0259l\u0259r ver\u0259c\u0259k. Bu da Az\u0259rbaycan\u0131n yeni inki\u015faf m\u0259rh\u0259l\u0259sin\u0259 q\u0259d\u0259m qoydu\u011fundan x\u0259b\u0259r verir.<br \/>\nQeyd ed\u0259k ki, d\u00fcnya s\u00fcr\u0259tl\u0259 d\u0259yi\u015fir. Odur ki, buna uy\u011fun adekvat add\u0131mlar atma\u011f\u0131n z\u0259ruri oldu\u011funu vur\u011fulama\u011fa ehtiyac yoxdur. Bu m\u0259nada Milli Prioritetl\u0259r eyni zamanda Birl\u0259\u015fmi\u015f Mill\u0259tl\u0259r T\u0259\u015fkilat\u0131n\u0131n \u201cD\u00fcnyam\u0131z\u0131n transformasiyas\u0131: 2030-cu il\u0259d\u0259k dayan\u0131ql\u0131 inki\u015faf sah\u0259sind\u0259 G\u00fcnd\u0259lik\u201dd\u0259n ir\u0259li g\u0259l\u0259n \u00f6hd\u0259likl\u0259rin icras\u0131 istiqam\u0259tind\u0259 d\u0259 x\u00fcsusi \u0259h\u0259miyy\u0259t k\u0259sb edir. B\u00fct\u00f6vl\u00fckd\u0259, 2030-cu il\u0259 q\u0259d\u0259r h\u0259yata ke\u00e7iril\u0259c\u0259k Milli Prioritetl\u0259r dayan\u0131ql\u0131 artan r\u0259qab\u0259tqabiliyy\u0259tli iqtisadiyyat\u0131, dinamik, inkl\u00fcziv v\u0259 sosial \u0259dal\u0259t\u0259 \u0259saslanan c\u0259miyy\u0259ti formala\u015fd\u0131racaq, r\u0259qab\u0259tli insan kapital\u0131 v\u0259 m\u00fcasir innovasiyalar m\u0259kan\u0131 yaranacaq, i\u015f\u011faldan azad olunmu\u015f \u0259razil\u0259r\u0259 b\u00f6y\u00fck qay\u0131d\u0131\u015f ba\u015f tutacaq v\u0259 Az\u0259rbaycan t\u0259miz \u0259traf m\u00fchit, \u201cya\u015f\u0131l art\u0131m\u201d \u00f6lk\u0259sin\u0259 &#8221;<\/p>\n<p>Etibar Sad\u0131qov- C\u0259lilabad \u015e\u0259h\u0259r Pe\u015f\u0259 Liseyinin direktoru<\/p>\n","protected":false},"excerpt":{"rendered":"<p>\u0130NFONEWS t\u0259qdim edir: &#8220;Biz\u0259 yax\u015f\u0131 m\u0259lumdur ki, son 17 ild\u0259 \u00f6lk\u0259mizin sosial-iqtisadi v\u0259 m\u0259d\u0259ni h\u0259yat\u0131nda b\u00f6y\u00fck inki\u015faf yolu ke\u00e7ilib, Az\u0259rbaycan\u0131n iqtisadiyyat\u0131 dinamik inki\u015faf edib, beyn\u0259lxalq n\u00fcfuzu \u0259h\u0259miyy\u0259tli d\u0259r\u0259c\u0259d\u0259 art\u0131b, c\u0259miyy\u0259td\u0259&hellip; <\/p>\n","protected":false},"author":3,"featured_media":4261,"comment_status":"open","ping_status":"open","sticky":false,"template":"","format":"standard","meta":{"_mi_skip_tracking":false,"_monsterinsights_sitenote_active":false,"_monsterinsights_sitenote_note":"","_monsterinsights_sitenote_category":0,"footnotes":""},"categories":[82,11],"tags":[1186,15],"aioseo_notices":[],"_links":{"self":[{"href":"https:\/\/infonews.az\/index.php?rest_route=\/wp\/v2\/posts\/4260"}],"collection":[{"href":"https:\/\/infonews.az\/index.php?rest_route=\/wp\/v2\/posts"}],"about":[{"href":"https:\/\/infonews.az\/index.php?rest_route=\/wp\/v2\/types\/post"}],"author":[{"embeddable":true,"href":"https:\/\/infonews.az\/index.php?rest_route=\/wp\/v2\/users\/3"}],"replies":[{"embeddable":true,"href":"https:\/\/infonews.az\/index.php?rest_route=%2Fwp%2Fv2%2Fcomments&post=4260"}],"version-history":[{"count":2,"href":"https:\/\/infonews.az\/index.php?rest_route=\/wp\/v2\/posts\/4260\/revisions"}],"predecessor-version":[{"id":4263,"href":"https:\/\/infonews.az\/index.php?rest_route=\/wp\/v2\/posts\/4260\/revisions\/4263"}],"wp:featuredmedia":[{"embeddable":true,"href":"https:\/\/infonews.az\/index.php?rest_route=\/wp\/v2\/media\/4261"}],"wp:attachment":[{"href":"https:\/\/infonews.az\/index.php?rest_route=%2Fwp%2Fv2%2Fmedia&parent=4260"}],"wp:term":[{"taxonomy":"category","embeddable":true,"href":"https:\/\/infonews.az\/index.php?rest_route=%2Fwp%2Fv2%2Fcategories&post=4260"},{"taxonomy":"post_tag","embeddable":true,"href":"https:\/\/infonews.az\/index.php?rest_route=%2Fwp%2Fv2%2Ftags&post=4260"}],"curies":[{"name":"wp","href":"https:\/\/api.w.org\/{rel}","templated":true}]}}