{"id":42602,"date":"2024-03-20T21:06:48","date_gmt":"2024-03-20T17:06:48","guid":{"rendered":"https:\/\/infonews.az\/?p=42602"},"modified":"2024-03-23T21:08:36","modified_gmt":"2024-03-23T17:08:36","slug":"stoltenberqin-erm%c9%99nistanla-bagli-b%c9%99yanati-pasinyani-narazi-salib","status":"publish","type":"post","link":"https:\/\/infonews.az\/?p=42602","title":{"rendered":"Stoltenberqin Erm\u0259nistanla ba\u011fl\u0131 b\u0259yanat\u0131 Pa\u015finyan\u0131 naraz\u0131 sal\u0131b"},"content":{"rendered":"<blockquote><p>NATO-nun ba\u015f katibi Yens Stoltenberq Erm\u0259nistanla, o c\u00fcml\u0259d\u0259n \u201cUkrayna m\u0259s\u0259l\u0259sind\u0259 h\u0259mr\u0259ylik\u201dl\u0259 ba\u011fl\u0131 b\u0259yanatlar\u0131 \u0259laq\u0259l\u0259ndirm\u0259y\u0259 borclu deyil.<\/p><\/blockquote>\n<p><a href=\"https:\/\/infonews.az\/\"><strong>\u201c\u0130NFONEWS\u201d\u00a0<\/strong><\/a>x\u0259b\u0259r verir ki, bunu Erm\u0259nistan\u0131n ba\u015f naziri Nikol Pa\u015finyan deyib.<\/p>\n<p>Erm\u0259nistan h\u00f6kum\u0259tinin ba\u015f\u00e7\u0131s\u0131 m\u00fcxalif deputat Aqnessa Hamoyan\u0131n sual\u0131n\u0131 cavabland\u0131rark\u0259n NATO ba\u015f katibinin fikirl\u0259rin\u0259 bel\u0259 reaksiya verib.<\/p>\n<p>\u201cHe\u00e7 bir t\u0259cr\u00fcb\u0259 yoxdur ki, s\u0259f\u0259rl\u0259r zaman\u0131 b\u0259yanatlar raz\u0131la\u015fd\u0131r\u0131ls\u0131n. C\u0259nab Stoltenberqin (Ukrayna il\u0259) h\u0259mr\u0259yliyimiz bar\u0259d\u0259 a\u00e7\u0131q \u015f\u0259kild\u0259 s\u00f6yl\u0259dikl\u0259rini insanlar m\u00fcxt\u0259lif qiym\u0259tl\u0259ndir\u0259 bil\u0259rl\u0259r. Bu g\u0259rgin v\u0259ziyy\u0259td\u0259 m\u00fcxt\u0259lif t\u0259r\u0259fl\u0259rd\u0259n m\u0259murlar peyda olub, onlar\u0131n ad\u0131ndan qar\u015f\u0131 t\u0259r\u0259f \u00fc\u00e7\u00fcn xo\u015fag\u0259lm\u0259z b\u0259yanatlar ver\u0259 bil\u0259rl\u0259r\u201d, &#8211; Pa\u015finyan cavab verib.<\/p>\n<p>Erm\u0259nistan\u0131n ba\u015f naziri \u0259lav\u0259 edib ki, \u00f6lk\u0259 Ukraynaya silah satmay\u0131b v\u0259 \u00fcst\u0259lik, Pa\u015finyan h\u0259m NATO-nun, h\u0259m d\u0259 Rusiyan\u0131n Erm\u0259nistan \u0259leyhin\u0259 b\u0259yanatlar verdiyini iddia edib.<\/p>\n","protected":false},"excerpt":{"rendered":"<p>NATO-nun ba\u015f katibi Yens Stoltenberq Erm\u0259nistanla, o c\u00fcml\u0259d\u0259n \u201cUkrayna m\u0259s\u0259l\u0259sind\u0259 h\u0259mr\u0259ylik\u201dl\u0259 ba\u011fl\u0131 b\u0259yanatlar\u0131 \u0259laq\u0259l\u0259ndirm\u0259y\u0259 borclu deyil. \u201c\u0130NFONEWS\u201d\u00a0x\u0259b\u0259r verir ki, bunu Erm\u0259nistan\u0131n ba\u015f naziri Nikol Pa\u015finyan deyib. Erm\u0259nistan h\u00f6kum\u0259tinin ba\u015f\u00e7\u0131s\u0131 m\u00fcxalif&hellip; <\/p>\n","protected":false},"author":30,"featured_media":42603,"comment_status":"open","ping_status":"open","sticky":false,"template":"","format":"standard","meta":{"_mi_skip_tracking":false,"_monsterinsights_sitenote_active":false,"_monsterinsights_sitenote_note":"","_monsterinsights_sitenote_category":0,"footnotes":""},"categories":[9,6,11],"tags":[70,674],"aioseo_notices":[],"_links":{"self":[{"href":"https:\/\/infonews.az\/index.php?rest_route=\/wp\/v2\/posts\/42602"}],"collection":[{"href":"https:\/\/infonews.az\/index.php?rest_route=\/wp\/v2\/posts"}],"about":[{"href":"https:\/\/infonews.az\/index.php?rest_route=\/wp\/v2\/types\/post"}],"author":[{"embeddable":true,"href":"https:\/\/infonews.az\/index.php?rest_route=\/wp\/v2\/users\/30"}],"replies":[{"embeddable":true,"href":"https:\/\/infonews.az\/index.php?rest_route=%2Fwp%2Fv2%2Fcomments&post=42602"}],"version-history":[{"count":1,"href":"https:\/\/infonews.az\/index.php?rest_route=\/wp\/v2\/posts\/42602\/revisions"}],"predecessor-version":[{"id":42604,"href":"https:\/\/infonews.az\/index.php?rest_route=\/wp\/v2\/posts\/42602\/revisions\/42604"}],"wp:featuredmedia":[{"embeddable":true,"href":"https:\/\/infonews.az\/index.php?rest_route=\/wp\/v2\/media\/42603"}],"wp:attachment":[{"href":"https:\/\/infonews.az\/index.php?rest_route=%2Fwp%2Fv2%2Fmedia&parent=42602"}],"wp:term":[{"taxonomy":"category","embeddable":true,"href":"https:\/\/infonews.az\/index.php?rest_route=%2Fwp%2Fv2%2Fcategories&post=42602"},{"taxonomy":"post_tag","embeddable":true,"href":"https:\/\/infonews.az\/index.php?rest_route=%2Fwp%2Fv2%2Ftags&post=42602"}],"curies":[{"name":"wp","href":"https:\/\/api.w.org\/{rel}","templated":true}]}}