{"id":42671,"date":"2024-03-24T10:47:13","date_gmt":"2024-03-24T06:47:13","guid":{"rendered":"https:\/\/infonews.az\/?p=42671"},"modified":"2024-03-24T10:47:13","modified_gmt":"2024-03-24T06:47:13","slug":"formula-1-uzr%c9%99-avstraliya-qran-prisinin-qalibi-b%c9%99lli-olub","status":"publish","type":"post","link":"https:\/\/infonews.az\/?p=42671","title":{"rendered":"\u201cFormula 1\u201d \u00fczr\u0259 Avstraliya Qran-prisinin qalibi b\u0259lli olub"},"content":{"rendered":"<blockquote><p>\u201cFormula 1\u201d \u00fczr\u0259 Avstraliya Qran-prisin\u0259 yekun vurulub.<\/p><\/blockquote>\n<p><a href=\"https:\/\/infonews.az\/\"><strong>\u201c\u0130NFONEWS\u201d\u00a0<\/strong><\/a>x\u0259b\u0259r verir ki,\u00a0 m\u00f6vs\u00fcm\u00fcn \u00fc\u00e7\u00fcnc\u00fc m\u0259rh\u0259l\u0259sind\u0259 qalib ad\u0131n\u0131 \u201cFerrari\u201d komandas\u0131n\u0131n ispaniyal\u0131 pilotu ki\u00e7ik Karlos Sayns qazan\u0131b.<\/p>\n<p>\u0130kinci yeri \u201cFerrari\u201d komandas\u0131n\u0131n dig\u0259r s\u00fcr\u00fcc\u00fcs\u00fc \u015earl Lekler tutub. \u0130lk \u00fc\u00e7l\u00fcy\u00fc \u201cMcLaren\u201dd\u0259n britaniyal\u0131 Lando Norris tamamlay\u0131b.<\/p>\n<p>Haz\u0131rk\u0131 d\u00fcnya \u00e7empionu, \u201cRed Bull\u201d komandas\u0131n\u0131n pilotu Maks Ferstappen d\u00f6rd\u00fcnc\u00fc d\u00f6vr\u0259d\u0259 \u0259yl\u0259c diskinin yanmas\u0131 s\u0259b\u0259bind\u0259n yar\u0131\u015fdan \u00e7\u0131x\u0131b.<\/p>\n<p>H\u0259m\u00e7inin \u201cMercedes\u201din britaniyal\u0131 pilotlar\u0131 L\u00fcis Hemilton v\u0259 Corc Rassel yar\u0131\u015f\u0131 tamamlaya bilm\u0259yibl\u0259r.<\/p>\n<p>\u201cFormula 1\u201din n\u00f6vb\u0259ti m\u0259rh\u0259l\u0259si aprelin 5-d\u0259n 7-d\u0259k Yaponiyada ke\u00e7iril\u0259c\u0259k.<\/p>\n","protected":false},"excerpt":{"rendered":"<p>\u201cFormula 1\u201d \u00fczr\u0259 Avstraliya Qran-prisin\u0259 yekun vurulub. \u201c\u0130NFONEWS\u201d\u00a0x\u0259b\u0259r verir ki,\u00a0 m\u00f6vs\u00fcm\u00fcn \u00fc\u00e7\u00fcnc\u00fc m\u0259rh\u0259l\u0259sind\u0259 qalib ad\u0131n\u0131 \u201cFerrari\u201d komandas\u0131n\u0131n ispaniyal\u0131 pilotu ki\u00e7ik Karlos Sayns qazan\u0131b. \u0130kinci yeri \u201cFerrari\u201d komandas\u0131n\u0131n dig\u0259r s\u00fcr\u00fcc\u00fcs\u00fc \u015earl&hellip; <\/p>\n","protected":false},"author":30,"featured_media":42672,"comment_status":"open","ping_status":"open","sticky":false,"template":"","format":"standard","meta":{"_mi_skip_tracking":false,"_monsterinsights_sitenote_active":false,"_monsterinsights_sitenote_note":"","_monsterinsights_sitenote_category":0,"footnotes":""},"categories":[10174,58,11],"tags":[1135,709],"aioseo_notices":[],"_links":{"self":[{"href":"https:\/\/infonews.az\/index.php?rest_route=\/wp\/v2\/posts\/42671"}],"collection":[{"href":"https:\/\/infonews.az\/index.php?rest_route=\/wp\/v2\/posts"}],"about":[{"href":"https:\/\/infonews.az\/index.php?rest_route=\/wp\/v2\/types\/post"}],"author":[{"embeddable":true,"href":"https:\/\/infonews.az\/index.php?rest_route=\/wp\/v2\/users\/30"}],"replies":[{"embeddable":true,"href":"https:\/\/infonews.az\/index.php?rest_route=%2Fwp%2Fv2%2Fcomments&post=42671"}],"version-history":[{"count":1,"href":"https:\/\/infonews.az\/index.php?rest_route=\/wp\/v2\/posts\/42671\/revisions"}],"predecessor-version":[{"id":42673,"href":"https:\/\/infonews.az\/index.php?rest_route=\/wp\/v2\/posts\/42671\/revisions\/42673"}],"wp:featuredmedia":[{"embeddable":true,"href":"https:\/\/infonews.az\/index.php?rest_route=\/wp\/v2\/media\/42672"}],"wp:attachment":[{"href":"https:\/\/infonews.az\/index.php?rest_route=%2Fwp%2Fv2%2Fmedia&parent=42671"}],"wp:term":[{"taxonomy":"category","embeddable":true,"href":"https:\/\/infonews.az\/index.php?rest_route=%2Fwp%2Fv2%2Fcategories&post=42671"},{"taxonomy":"post_tag","embeddable":true,"href":"https:\/\/infonews.az\/index.php?rest_route=%2Fwp%2Fv2%2Ftags&post=42671"}],"curies":[{"name":"wp","href":"https:\/\/api.w.org\/{rel}","templated":true}]}}