{"id":42674,"date":"2024-03-24T10:48:42","date_gmt":"2024-03-24T06:48:42","guid":{"rendered":"https:\/\/infonews.az\/?p=42674"},"modified":"2024-03-24T10:48:42","modified_gmt":"2024-03-24T06:48:42","slug":"almaniya-din-olk%c9%99d%c9%99-isid-t%c9%99hluk%c9%99si-bar%c9%99d%c9%99-x%c9%99b%c9%99rdarliq-edib","status":"publish","type":"post","link":"https:\/\/infonews.az\/?p=42674","title":{"rendered":"Almaniya D\u0130N \u00f6lk\u0259d\u0259 \u0130\u015e\u0130D t\u0259hl\u00fck\u0259si bar\u0259d\u0259 x\u0259b\u0259rdarl\u0131q edib"},"content":{"rendered":"<blockquote><p>Almaniyan\u0131n federal daxili i\u015fl\u0259r naziri Nensi Fazer \u00f6lk\u0259nin \u0130\u015e\u0130D t\u0259r\u0259find\u0259n b\u00f6y\u00fck t\u0259hl\u00fck\u0259 il\u0259 \u00fczl\u0259\u015fdiyini bildirib.<\/p><\/blockquote>\n<p><a href=\"https:\/\/infonews.az\/\"><strong>\u201c\u0130NFONEWS\u201d\u00a0<\/strong><\/a>x\u0259b\u0259r verir ki, bu bar\u0259d\u0259 nazir \u201cS\u00fcddeutschen Zeitung\u201d q\u0259zetin\u0259 m\u00fcsahib\u0259sind\u0259 deyib.<\/p>\n<p>Fazer ayd\u0131nla\u015fd\u0131r\u0131b ki, s\u00f6hb\u0259t \u0130\u015e\u0130D terror\u00e7u qrupla\u015fmas\u0131n\u0131n regional qolu &#8211; Xorasandan gedir. Nazir vur\u011fulay\u0131b ki, islam\u00e7\u0131 terrorizm t\u0259hl\u00fck\u0259si h\u0259l\u0259 d\u0259 aktuald\u0131r.<\/p>\n<p>Qeyd ed\u0259k ki, Q\u0259rb \u00f6lk\u0259l\u0259ri \u201c\u0130slam D\u00f6vl\u0259ti-Xorasan\u201d qrupla\u015fmas\u0131n\u0131 \u201cCrocus City Hall\u201dda ba\u015f ver\u0259n terroru t\u00f6r\u0259tm\u0259kd\u0259 \u015f\u00fcbh\u0259li bilirl\u0259r.<\/p>\n","protected":false},"excerpt":{"rendered":"<p>Almaniyan\u0131n federal daxili i\u015fl\u0259r naziri Nensi Fazer \u00f6lk\u0259nin \u0130\u015e\u0130D t\u0259r\u0259find\u0259n b\u00f6y\u00fck t\u0259hl\u00fck\u0259 il\u0259 \u00fczl\u0259\u015fdiyini bildirib. \u201c\u0130NFONEWS\u201d\u00a0x\u0259b\u0259r verir ki, bu bar\u0259d\u0259 nazir \u201cS\u00fcddeutschen Zeitung\u201d q\u0259zetin\u0259 m\u00fcsahib\u0259sind\u0259 deyib. Fazer ayd\u0131nla\u015fd\u0131r\u0131b ki, s\u00f6hb\u0259t&hellip; <\/p>\n","protected":false},"author":30,"featured_media":42675,"comment_status":"open","ping_status":"open","sticky":false,"template":"","format":"standard","meta":{"_mi_skip_tracking":false,"_monsterinsights_sitenote_active":false,"_monsterinsights_sitenote_note":"","_monsterinsights_sitenote_category":0,"footnotes":""},"categories":[9,6,11],"tags":[9126,123,119],"aioseo_notices":[],"_links":{"self":[{"href":"https:\/\/infonews.az\/index.php?rest_route=\/wp\/v2\/posts\/42674"}],"collection":[{"href":"https:\/\/infonews.az\/index.php?rest_route=\/wp\/v2\/posts"}],"about":[{"href":"https:\/\/infonews.az\/index.php?rest_route=\/wp\/v2\/types\/post"}],"author":[{"embeddable":true,"href":"https:\/\/infonews.az\/index.php?rest_route=\/wp\/v2\/users\/30"}],"replies":[{"embeddable":true,"href":"https:\/\/infonews.az\/index.php?rest_route=%2Fwp%2Fv2%2Fcomments&post=42674"}],"version-history":[{"count":1,"href":"https:\/\/infonews.az\/index.php?rest_route=\/wp\/v2\/posts\/42674\/revisions"}],"predecessor-version":[{"id":42676,"href":"https:\/\/infonews.az\/index.php?rest_route=\/wp\/v2\/posts\/42674\/revisions\/42676"}],"wp:featuredmedia":[{"embeddable":true,"href":"https:\/\/infonews.az\/index.php?rest_route=\/wp\/v2\/media\/42675"}],"wp:attachment":[{"href":"https:\/\/infonews.az\/index.php?rest_route=%2Fwp%2Fv2%2Fmedia&parent=42674"}],"wp:term":[{"taxonomy":"category","embeddable":true,"href":"https:\/\/infonews.az\/index.php?rest_route=%2Fwp%2Fv2%2Fcategories&post=42674"},{"taxonomy":"post_tag","embeddable":true,"href":"https:\/\/infonews.az\/index.php?rest_route=%2Fwp%2Fv2%2Ftags&post=42674"}],"curies":[{"name":"wp","href":"https:\/\/api.w.org\/{rel}","templated":true}]}}