{"id":42694,"date":"2024-03-24T10:59:41","date_gmt":"2024-03-24T06:59:41","guid":{"rendered":"https:\/\/infonews.az\/?p=42694"},"modified":"2024-03-24T10:59:41","modified_gmt":"2024-03-24T06:59:41","slug":"abs-nin-maliyy%c9%99-naziri-apreld%c9%99-cin%c9%99-s%c9%99f%c9%99r-ed%c9%99c%c9%99k","status":"publish","type":"post","link":"https:\/\/infonews.az\/?p=42694","title":{"rendered":"AB\u015e-nin maliyy\u0259 naziri apreld\u0259 \u00c7in\u0259 s\u0259f\u0259r ed\u0259c\u0259k"},"content":{"rendered":"<blockquote><p>AB\u015e-nin maliyy\u0259 naziri Canet Yellen apreld\u0259 \u00c7in\u0259 s\u0259f\u0259r etm\u0259k v\u0259 \u00f6lk\u0259 r\u0259hb\u0259rliyinin n\u00fcmay\u0259nd\u0259l\u0259ri il\u0259 g\u00f6r\u00fc\u015fm\u0259k niyy\u0259tind\u0259dir.<\/p><\/blockquote>\n<p><a href=\"https:\/\/infonews.az\/\"><strong>\u201c\u0130NFONEWS\u201d\u00a0<\/strong><\/a>x\u0259b\u0259r verir ki,\u00a0bu bar\u0259d\u0259 &#8220;Politico&#8221; q\u0259zeti iki amerikal\u0131 r\u0259smiy\u0259 istinad\u0259n x\u0259b\u0259r yay\u0131b.<\/p>\n<p>S\u0259f\u0259r ikit\u0259r\u0259fli m\u00fcnasib\u0259tl\u0259rin \u201cm\u0259suliyy\u0259tli idar\u0259 olunmas\u0131\u201d m\u0259qs\u0259di da\u015f\u0131yacaq. Yellenin 2023-c\u00fc ilin iyulunda \u00c7in\u0259 s\u0259f\u0259ri zaman\u0131 qald\u0131r\u0131lan m\u0259s\u0259l\u0259l\u0259rin m\u00fczakir\u0259sini davam etdir\u0259c\u0259yi g\u00f6zl\u0259nilir. Bu s\u0259f\u0259rin n\u0259tic\u0259si olaraq \u201ch\u0259r iki \u00f6lk\u0259ni narahat ed\u0259n m\u0259s\u0259l\u0259l\u0259ri\u201d m\u00fczakir\u0259 etm\u0259k \u00fc\u00e7\u00fcn iqtisadiyyat v\u0259 maliyy\u0259 \u00fczr\u0259 iki i\u015f\u00e7i qrupu yarad\u0131l\u0131b.<\/p>\n<p>Yanvarda Amerika v\u0259 \u00c7in hakimiyy\u0259tinin n\u00fcmay\u0259nd\u0259l\u0259ri Pekind\u0259 ke\u00e7iril\u0259n iki g\u00fcnl\u00fck g\u00f6r\u00fc\u015fd\u0259 iqtisadi m\u0259s\u0259l\u0259l\u0259r \u00fczr\u0259 t\u0259maslar\u0131 davam etdirm\u0259k bar\u0259d\u0259 raz\u0131l\u0131\u011fa g\u0259libl\u0259r, h\u0259m\u00e7inin Yellenin \u00c7in\u0259 s\u0259f\u0259rinin m\u00fcmk\u00fcnl\u00fcy\u00fcn\u00fc m\u00fczakir\u0259 edibl\u0259r.<\/p>\n<p>N\u0259\u015fr qeyd edib ki, Va\u015finqton administrasiyas\u0131 \u00c7ind\u0259n ixrac\u0131n s\u00fcr\u0259tl\u0259 artmas\u0131ndan ehtiyat edir. Amerika t\u0259r\u0259finin fikrinc\u0259, bu, d\u00fcnya bazarlar\u0131nda sabitliyi poza bil\u0259r.<\/p>\n","protected":false},"excerpt":{"rendered":"<p>AB\u015e-nin maliyy\u0259 naziri Canet Yellen apreld\u0259 \u00c7in\u0259 s\u0259f\u0259r etm\u0259k v\u0259 \u00f6lk\u0259 r\u0259hb\u0259rliyinin n\u00fcmay\u0259nd\u0259l\u0259ri il\u0259 g\u00f6r\u00fc\u015fm\u0259k niyy\u0259tind\u0259dir. \u201c\u0130NFONEWS\u201d\u00a0x\u0259b\u0259r verir ki,\u00a0bu bar\u0259d\u0259 &#8220;Politico&#8221; q\u0259zeti iki amerikal\u0131 r\u0259smiy\u0259 istinad\u0259n x\u0259b\u0259r yay\u0131b. S\u0259f\u0259r ikit\u0259r\u0259fli&hellip; <\/p>\n","protected":false},"author":30,"featured_media":42695,"comment_status":"open","ping_status":"open","sticky":false,"template":"","format":"standard","meta":{"_mi_skip_tracking":false,"_monsterinsights_sitenote_active":false,"_monsterinsights_sitenote_note":"","_monsterinsights_sitenote_category":0,"footnotes":""},"categories":[9,2,11],"tags":[153,68,9877],"aioseo_notices":[],"_links":{"self":[{"href":"https:\/\/infonews.az\/index.php?rest_route=\/wp\/v2\/posts\/42694"}],"collection":[{"href":"https:\/\/infonews.az\/index.php?rest_route=\/wp\/v2\/posts"}],"about":[{"href":"https:\/\/infonews.az\/index.php?rest_route=\/wp\/v2\/types\/post"}],"author":[{"embeddable":true,"href":"https:\/\/infonews.az\/index.php?rest_route=\/wp\/v2\/users\/30"}],"replies":[{"embeddable":true,"href":"https:\/\/infonews.az\/index.php?rest_route=%2Fwp%2Fv2%2Fcomments&post=42694"}],"version-history":[{"count":1,"href":"https:\/\/infonews.az\/index.php?rest_route=\/wp\/v2\/posts\/42694\/revisions"}],"predecessor-version":[{"id":42696,"href":"https:\/\/infonews.az\/index.php?rest_route=\/wp\/v2\/posts\/42694\/revisions\/42696"}],"wp:featuredmedia":[{"embeddable":true,"href":"https:\/\/infonews.az\/index.php?rest_route=\/wp\/v2\/media\/42695"}],"wp:attachment":[{"href":"https:\/\/infonews.az\/index.php?rest_route=%2Fwp%2Fv2%2Fmedia&parent=42694"}],"wp:term":[{"taxonomy":"category","embeddable":true,"href":"https:\/\/infonews.az\/index.php?rest_route=%2Fwp%2Fv2%2Fcategories&post=42694"},{"taxonomy":"post_tag","embeddable":true,"href":"https:\/\/infonews.az\/index.php?rest_route=%2Fwp%2Fv2%2Ftags&post=42694"}],"curies":[{"name":"wp","href":"https:\/\/api.w.org\/{rel}","templated":true}]}}