{"id":42739,"date":"2024-03-17T11:28:38","date_gmt":"2024-03-17T07:28:38","guid":{"rendered":"https:\/\/infonews.az\/?p=42739"},"modified":"2024-03-24T11:34:40","modified_gmt":"2024-03-24T07:34:40","slug":"stoltenberq-az%c9%99rbaycanin-ukraynaya-vacib-humanitar-yardimini-alqislayiram","status":"publish","type":"post","link":"https:\/\/infonews.az\/?p=42739","title":{"rendered":"Stoltenberq: Az\u0259rbaycan\u0131n Ukraynaya vacib humanitar yard\u0131m\u0131n\u0131 alq\u0131\u015flay\u0131ram"},"content":{"rendered":"<blockquote><p>Ukrayna Qara d\u0259niz \u00f6lk\u0259sidir. Bu \u00f6lk\u0259 NATO-nun t\u0259r\u0259fda\u015f\u0131d\u0131r v\u0259 Rusiya Ukraynaya qar\u015f\u0131 t\u0259cav\u00fczkar m\u00fcharib\u0259ni davam etdirir.<\/p><\/blockquote>\n<p><a href=\"https:\/\/infonews.az\/\"><strong>\u201c\u0130NFONEWS\u201d\u00a0<\/strong><\/a>x\u0259b\u0259r verir ki,\u00a0bunu NATO-nun Ba\u015f katibi Yens Stoltenberq Az\u0259rbaycan Prezidenti \u0130lham \u018fliyevl\u0259 ke\u00e7irdiyi birg\u0259 m\u0259tbuat konfrans\u0131nda deyib.<\/p>\n<p>&#8220;NATO m\u00fctt\u0259fiql\u0259ri haz\u0131rda ged\u0259n m\u00fcharib\u0259nin f\u0259sadlar\u0131ndan \u00e7ox narahatd\u0131r v\u0259 NATO m\u00fctt\u0259fiql\u0259ri Ukraynaya d\u0259st\u0259k g\u00f6st\u0259rirl\u0259r. M\u0259n Az\u0259rbaycan\u0131n Ukraynaya g\u00f6st\u0259rdiyi \u00e7ox z\u0259ruri d\u0259st\u0259yi alq\u0131\u015flay\u0131ram. S\u00f6hb\u0259t \u00e7ox z\u0259ruri olan humanitar yard\u0131mdan gedir, lakin daha \u00e7ox d\u0259st\u0259y\u0259 ehtiyac var, \u00e7\u00fcnki Ukraynadak\u0131 v\u0259ziyy\u0259t olduqca a\u011f\u0131rd\u0131r&#8221;, &#8211; o deyib.<\/p>\n","protected":false},"excerpt":{"rendered":"<p>Ukrayna Qara d\u0259niz \u00f6lk\u0259sidir. Bu \u00f6lk\u0259 NATO-nun t\u0259r\u0259fda\u015f\u0131d\u0131r v\u0259 Rusiya Ukraynaya qar\u015f\u0131 t\u0259cav\u00fczkar m\u00fcharib\u0259ni davam etdirir. \u201c\u0130NFONEWS\u201d\u00a0x\u0259b\u0259r verir ki,\u00a0bunu NATO-nun Ba\u015f katibi Yens Stoltenberq Az\u0259rbaycan Prezidenti \u0130lham \u018fliyevl\u0259 ke\u00e7irdiyi birg\u0259&hellip; <\/p>\n","protected":false},"author":30,"featured_media":42740,"comment_status":"open","ping_status":"open","sticky":false,"template":"","format":"standard","meta":{"_mi_skip_tracking":false,"_monsterinsights_sitenote_active":false,"_monsterinsights_sitenote_note":"","_monsterinsights_sitenote_category":0,"footnotes":""},"categories":[6,11],"tags":[8796,13,674],"aioseo_notices":[],"_links":{"self":[{"href":"https:\/\/infonews.az\/index.php?rest_route=\/wp\/v2\/posts\/42739"}],"collection":[{"href":"https:\/\/infonews.az\/index.php?rest_route=\/wp\/v2\/posts"}],"about":[{"href":"https:\/\/infonews.az\/index.php?rest_route=\/wp\/v2\/types\/post"}],"author":[{"embeddable":true,"href":"https:\/\/infonews.az\/index.php?rest_route=\/wp\/v2\/users\/30"}],"replies":[{"embeddable":true,"href":"https:\/\/infonews.az\/index.php?rest_route=%2Fwp%2Fv2%2Fcomments&post=42739"}],"version-history":[{"count":1,"href":"https:\/\/infonews.az\/index.php?rest_route=\/wp\/v2\/posts\/42739\/revisions"}],"predecessor-version":[{"id":42741,"href":"https:\/\/infonews.az\/index.php?rest_route=\/wp\/v2\/posts\/42739\/revisions\/42741"}],"wp:featuredmedia":[{"embeddable":true,"href":"https:\/\/infonews.az\/index.php?rest_route=\/wp\/v2\/media\/42740"}],"wp:attachment":[{"href":"https:\/\/infonews.az\/index.php?rest_route=%2Fwp%2Fv2%2Fmedia&parent=42739"}],"wp:term":[{"taxonomy":"category","embeddable":true,"href":"https:\/\/infonews.az\/index.php?rest_route=%2Fwp%2Fv2%2Fcategories&post=42739"},{"taxonomy":"post_tag","embeddable":true,"href":"https:\/\/infonews.az\/index.php?rest_route=%2Fwp%2Fv2%2Ftags&post=42739"}],"curies":[{"name":"wp","href":"https:\/\/api.w.org\/{rel}","templated":true}]}}