{"id":42742,"date":"2024-03-17T11:35:07","date_gmt":"2024-03-17T07:35:07","guid":{"rendered":"https:\/\/infonews.az\/?p=42742"},"modified":"2024-03-24T11:36:46","modified_gmt":"2024-03-24T07:36:46","slug":"stoltenberq-az%c9%99rbaycan-v%c9%99-erm%c9%99nistanin-davamli-sulh-%c9%99ld%c9%99-etm%c9%99k-imkani-var","status":"publish","type":"post","link":"https:\/\/infonews.az\/?p=42742","title":{"rendered":"Stoltenberq: Az\u0259rbaycan v\u0259 Erm\u0259nistan\u0131n davaml\u0131 s\u00fclh \u0259ld\u0259 etm\u0259k imkan\u0131 var"},"content":{"rendered":"<blockquote><p>Uzun ill\u0259rin m\u00fcnaqi\u015f\u0259sind\u0259n sonra Az\u0259rbaycan\u0131n haz\u0131rda davaml\u0131 s\u00fclh\u0259 nail olmaq imkan\u0131 var.<\/p><\/blockquote>\n<p><a href=\"https:\/\/infonews.az\/\"><strong>\u201c\u0130NFONEWS\u201d\u00a0<\/strong><\/a>x\u0259b\u0259r verir ki,\u00a0bunu NATO-nun Ba\u015f katibi Yens Stoltenberq Az\u0259rbaycan Prezidenti \u0130lham \u018fliyevl\u0259 ke\u00e7irdiyi birg\u0259 m\u0259tbuat konfrans\u0131nda deyib.<\/p>\n<p>\u201cSiz s\u00f6yl\u0259diyiniz kimi, s\u00fclh sazi\u015fin\u0259 he\u00e7 vaxt olmad\u0131\u011f\u0131 q\u0259d\u0259r yax\u0131n olma\u011f\u0131n\u0131zla ba\u011fl\u0131 s\u00f6zl\u0259rinizi y\u00fcks\u0259k qiym\u0259tl\u0259ndirir\u0259m. M\u0259n Erm\u0259nistanla dayan\u0131ql\u0131 s\u00fclh sazi\u015fin\u0259 nail olmaq \u00fc\u00e7\u00fcn h\u0259min f\u00fcrs\u0259td\u0259n istifad\u0259 etm\u0259yinizd\u0259 Sizi d\u0259st\u0259kl\u0259yir\u0259m. Az\u0259rbaycan v\u0259 Erm\u0259nistan\u0131n indi uzun ill\u0259r davam ed\u0259n m\u00fcnaqi\u015f\u0259d\u0259n sonra davaml\u0131 s\u00fclh \u0259ld\u0259 etm\u0259k imkan\u0131 var&#8221;, &#8211; o bildirib.<\/p>\n","protected":false},"excerpt":{"rendered":"<p>Uzun ill\u0259rin m\u00fcnaqi\u015f\u0259sind\u0259n sonra Az\u0259rbaycan\u0131n haz\u0131rda davaml\u0131 s\u00fclh\u0259 nail olmaq imkan\u0131 var. \u201c\u0130NFONEWS\u201d\u00a0x\u0259b\u0259r verir ki,\u00a0bunu NATO-nun Ba\u015f katibi Yens Stoltenberq Az\u0259rbaycan Prezidenti \u0130lham \u018fliyevl\u0259 ke\u00e7irdiyi birg\u0259 m\u0259tbuat konfrans\u0131nda deyib. \u201cSiz&hellip; <\/p>\n","protected":false},"author":30,"featured_media":42723,"comment_status":"open","ping_status":"open","sticky":false,"template":"","format":"standard","meta":{"_mi_skip_tracking":false,"_monsterinsights_sitenote_active":false,"_monsterinsights_sitenote_note":"","_monsterinsights_sitenote_category":0,"footnotes":""},"categories":[6,11],"tags":[6857,674],"aioseo_notices":[],"_links":{"self":[{"href":"https:\/\/infonews.az\/index.php?rest_route=\/wp\/v2\/posts\/42742"}],"collection":[{"href":"https:\/\/infonews.az\/index.php?rest_route=\/wp\/v2\/posts"}],"about":[{"href":"https:\/\/infonews.az\/index.php?rest_route=\/wp\/v2\/types\/post"}],"author":[{"embeddable":true,"href":"https:\/\/infonews.az\/index.php?rest_route=\/wp\/v2\/users\/30"}],"replies":[{"embeddable":true,"href":"https:\/\/infonews.az\/index.php?rest_route=%2Fwp%2Fv2%2Fcomments&post=42742"}],"version-history":[{"count":1,"href":"https:\/\/infonews.az\/index.php?rest_route=\/wp\/v2\/posts\/42742\/revisions"}],"predecessor-version":[{"id":42743,"href":"https:\/\/infonews.az\/index.php?rest_route=\/wp\/v2\/posts\/42742\/revisions\/42743"}],"wp:featuredmedia":[{"embeddable":true,"href":"https:\/\/infonews.az\/index.php?rest_route=\/wp\/v2\/media\/42723"}],"wp:attachment":[{"href":"https:\/\/infonews.az\/index.php?rest_route=%2Fwp%2Fv2%2Fmedia&parent=42742"}],"wp:term":[{"taxonomy":"category","embeddable":true,"href":"https:\/\/infonews.az\/index.php?rest_route=%2Fwp%2Fv2%2Fcategories&post=42742"},{"taxonomy":"post_tag","embeddable":true,"href":"https:\/\/infonews.az\/index.php?rest_route=%2Fwp%2Fv2%2Ftags&post=42742"}],"curies":[{"name":"wp","href":"https:\/\/api.w.org\/{rel}","templated":true}]}}