{"id":42744,"date":"2024-03-17T11:36:50","date_gmt":"2024-03-17T07:36:50","guid":{"rendered":"https:\/\/infonews.az\/?p=42744"},"modified":"2024-03-24T11:39:37","modified_gmt":"2024-03-24T07:39:37","slug":"yens-stoltenberq-c%c9%99nubi-qafqaz-regionunda-sulh-cox-vacibdir","status":"publish","type":"post","link":"https:\/\/infonews.az\/?p=42744","title":{"rendered":"Yens Stoltenberq: C\u0259nubi Qafqaz regionunda s\u00fclh \u00e7ox vacibdir"},"content":{"rendered":"<blockquote><p>T\u0259r\u0259fda\u015fl\u0131\u011f\u0131m\u0131z t\u0259kc\u0259 siyasi dialoqa yox, o c\u00fcml\u0259d\u0259n \u0259yani \u0259m\u0259kda\u015fl\u0131\u011fa s\u00f6yk\u0259nir v\u0259 biz bunu alq\u0131\u015flay\u0131r\u0131q.<\/p><\/blockquote>\n<p><a href=\"https:\/\/infonews.az\/\"><strong>\u201c\u0130NFONEWS\u201d\u00a0<\/strong><\/a>x\u0259b\u0259r verir ki,\u00a0bunu NATO-nun Ba\u015f katibi Yens Stoltenberq Az\u0259rbaycan Prezidenti \u0130lham \u018fliyevl\u0259 ke\u00e7irdiyi birg\u0259 m\u0259tbuat konfrans\u0131nda deyib.<\/p>\n<p>&#8220;Bundan \u0259lav\u0259, t\u0259bii ki, bu regionda s\u00fclh b\u00f6lg\u0259 xalqlar\u0131, \u00f6lk\u0259l\u0259ri \u00fc\u00e7\u00fcn \u00e7ox vacibdir, o, h\u0259m\u00e7inin Qara d\u0259niz regionu v\u0259 \u015eimali Atlantika t\u0259hl\u00fck\u0259sizliyi \u00fc\u00e7\u00fcn \u0259h\u0259miyy\u0259tlidir. Buna g\u00f6r\u0259 d\u0259 s\u00fclh v\u0259 sabitlik n\u0259inki burada, h\u0259m\u00e7inin daha geni\u015f miqyasda t\u0259hl\u00fck\u0259sizlik \u00fc\u00e7\u00fcn vacibdir&#8221;, &#8211; o bildirib.<\/p>\n","protected":false},"excerpt":{"rendered":"<p>T\u0259r\u0259fda\u015fl\u0131\u011f\u0131m\u0131z t\u0259kc\u0259 siyasi dialoqa yox, o c\u00fcml\u0259d\u0259n \u0259yani \u0259m\u0259kda\u015fl\u0131\u011fa s\u00f6yk\u0259nir v\u0259 biz bunu alq\u0131\u015flay\u0131r\u0131q. \u201c\u0130NFONEWS\u201d\u00a0x\u0259b\u0259r verir ki,\u00a0bunu NATO-nun Ba\u015f katibi Yens Stoltenberq Az\u0259rbaycan Prezidenti \u0130lham \u018fliyevl\u0259 ke\u00e7irdiyi birg\u0259 m\u0259tbuat konfrans\u0131nda&hellip; <\/p>\n","protected":false},"author":30,"featured_media":42740,"comment_status":"open","ping_status":"open","sticky":false,"template":"","format":"standard","meta":{"_mi_skip_tracking":false,"_monsterinsights_sitenote_active":false,"_monsterinsights_sitenote_note":"","_monsterinsights_sitenote_category":0,"footnotes":""},"categories":[6,11],"tags":[8796,674],"aioseo_notices":[],"_links":{"self":[{"href":"https:\/\/infonews.az\/index.php?rest_route=\/wp\/v2\/posts\/42744"}],"collection":[{"href":"https:\/\/infonews.az\/index.php?rest_route=\/wp\/v2\/posts"}],"about":[{"href":"https:\/\/infonews.az\/index.php?rest_route=\/wp\/v2\/types\/post"}],"author":[{"embeddable":true,"href":"https:\/\/infonews.az\/index.php?rest_route=\/wp\/v2\/users\/30"}],"replies":[{"embeddable":true,"href":"https:\/\/infonews.az\/index.php?rest_route=%2Fwp%2Fv2%2Fcomments&post=42744"}],"version-history":[{"count":1,"href":"https:\/\/infonews.az\/index.php?rest_route=\/wp\/v2\/posts\/42744\/revisions"}],"predecessor-version":[{"id":42745,"href":"https:\/\/infonews.az\/index.php?rest_route=\/wp\/v2\/posts\/42744\/revisions\/42745"}],"wp:featuredmedia":[{"embeddable":true,"href":"https:\/\/infonews.az\/index.php?rest_route=\/wp\/v2\/media\/42740"}],"wp:attachment":[{"href":"https:\/\/infonews.az\/index.php?rest_route=%2Fwp%2Fv2%2Fmedia&parent=42744"}],"wp:term":[{"taxonomy":"category","embeddable":true,"href":"https:\/\/infonews.az\/index.php?rest_route=%2Fwp%2Fv2%2Fcategories&post=42744"},{"taxonomy":"post_tag","embeddable":true,"href":"https:\/\/infonews.az\/index.php?rest_route=%2Fwp%2Fv2%2Ftags&post=42744"}],"curies":[{"name":"wp","href":"https:\/\/api.w.org\/{rel}","templated":true}]}}