{"id":42882,"date":"2024-03-15T22:46:36","date_gmt":"2024-03-15T18:46:36","guid":{"rendered":"https:\/\/infonews.az\/?p=42882"},"modified":"2024-03-24T22:48:20","modified_gmt":"2024-03-24T18:48:20","slug":"qurban-qurbanov-ingilis-hakim%c9%99-yarasmayan-qirmizi-v%c9%99r%c9%99q%c9%99-oldu","status":"publish","type":"post","link":"https:\/\/infonews.az\/?p=42882","title":{"rendered":"Qurban Qurbanov: \u0130ngilis hakim\u0259 yara\u015fmayan q\u0131rm\u0131z\u0131 v\u0259r\u0259q\u0259 oldu"},"content":{"rendered":"<blockquote><p>\u0130ngilis hakim\u0259 yara\u015fmayan q\u0131rm\u0131z\u0131 v\u0259r\u0259q\u0259 oldu.<\/p><\/blockquote>\n<p><a href=\"https:\/\/infonews.az\/\"><strong>\u201c\u0130NFONEWS\u201d\u00a0<\/strong><\/a>x\u0259b\u0259r verir ki, bunu \u201cQaraba\u011f\u201d\u0131n ba\u015f m\u0259\u015fq\u00e7isi Qurban Qurbanov Almaniyan\u0131n \u201cBayer 04\u201d klubuna 2:3 hesab\u0131 il\u0259 m\u0259\u011flub olduqlar\u0131 UEFA Avropa Liqas\u0131n\u0131n 1\/8 final m\u0259rh\u0259l\u0259sinin cavab oyunu bar\u0259d\u0259 Heyd\u0259r \u018fliyev Beyn\u0259lxalq Hava Liman\u0131nda jurnalistl\u0259r\u0259 a\u00e7\u0131qlamas\u0131nda deyib.<\/p>\n<p>T\u0259cr\u00fcb\u0259li m\u00fct\u0259x\u0259ssis ingilt\u0259r\u0259li ba\u015f hakim Entoni Teylorun s\u0259f\u0259r g\u00f6r\u00fc\u015f\u00fcn\u00fcn 62-ci d\u0259qiq\u0259sind\u0259 Elvin C\u0259f\u0259rquliyev\u0259 q\u0131rm\u0131z\u0131 v\u0259r\u0259q\u0259 g\u00f6st\u0259rdiyi epizodu d\u0259y\u0259rl\u0259ndirib. O, referinin q\u0259rar\u0131 il\u0259 raz\u0131la\u015fmay\u0131b: \u201c\u0130ngilt\u0259r\u0259 Premyer Liqas\u0131nda h\u0259min epizodda b\u0259lk\u0259 d\u0259 he\u00e7 c\u0259rim\u0259 z\u0259rb\u0259si t\u0259yin etmirl\u0259r. VAR d\u0259v\u0259t etdi, ancaq yen\u0259 d\u0259 s\u00f6z sahibi ba\u015f hakim idi. Futbol m\u00fcbariz\u0259 oyunudur. Bel\u0259 mat\u00e7larda bu c\u00fcr sad\u0259 q\u0131rm\u0131z\u0131 v\u0259r\u0259q\u0259ni q\u0259bul etmir\u0259m\u201d.<\/p>\n<p>52 ya\u015fl\u0131 \u00e7al\u0131\u015fd\u0131r\u0131c\u0131 m\u0259rh\u0259l\u0259 adlamaq \u015fans\u0131n\u0131 son anda \u0259ld\u0259n verdikl\u0259rini bildirib: \u201cH\u0259r iki oyunda \u015fans\u0131m\u0131z \u00e7ox oldu. H\u0259m Bak\u0131dak\u0131, h\u0259m d\u0259 Leverkuzend\u0259ki g\u00f6r\u00fc\u015f\u00fcn son saniy\u0259l\u0259rind\u0259 qap\u0131m\u0131zdan qol buraxd\u0131q. M\u0259\u011flub olsaq da, qazand\u0131\u011f\u0131m\u0131z \u015feyl\u0259r \u00e7ox oldu. Komanda olaraq bu m\u00f6vs\u00fcm azarke\u015fl\u0259rimiz\u0259 yax\u015f\u0131 oyun g\u00f6st\u0259rdik. Buna g\u00f6r\u0259 futbol\u00e7ular\u0131ma t\u0259\u015f\u0259kk\u00fcr edir\u0259m. Daha bir m\u0259rh\u0259l\u0259 ir\u0259lil\u0259m\u0259k ist\u0259rdik. Ancaq qar\u015f\u0131m\u0131zdak\u0131 r\u0259qibin \u00e7ox ciddi oldu\u011funu da n\u0259z\u0259r\u0259 almaq laz\u0131md\u0131r. H\u0259m\u00e7inin azl\u0131qda qalma\u011f\u0131m\u0131z da n\u0259tic\u0259y\u0259 t\u0259sir etdi\u201d.<\/p>\n<p>Ba\u015f m\u0259\u015fq\u00e7i q\u0131rm\u0131z\u0131 v\u0259r\u0259q\u0259 alan Elvin C\u0259f\u0259rquliyev\u0259 buna g\u00f6r\u0259 irad bildirm\u0259diyini s\u00f6yl\u0259yib: \u201cOyundan sonra kiminl\u0259s\u0259 dan\u0131\u015fma\u011f\u0131m, etiraz bildirm\u0259yim d\u00fczg\u00fcn olmazd\u0131. Ham\u0131n\u0131n emosiyalar\u0131 f\u0259rqli idi. Biri \u0259s\u0259bl\u0259\u015fmi\u015fdi, biri \u00fcz\u00fclm\u00fc\u015fd\u00fc. Bel\u0259 v\u0259ziyy\u0259td\u0259 irad bildirm\u0259k d\u00fczg\u00fcn olmaz. Yen\u0259 d\u0259 diqq\u0259tli olmal\u0131, daha tez oynama\u011f\u0131 bacarmal\u0131d\u0131rlar. \u201cBayer 04\u201d bu m\u00f6vs\u00fcm Almaniya Bundesliqas\u0131n\u0131n da bir \u00e7ox oyununda son d\u0259qiq\u0259 qolu il\u0259 qalib g\u0259lib. Bu, komandan\u0131n d\u00f6z\u00fcml\u00fcl\u00fcy\u00fcnd\u0259n, d\u00fczg\u00fcn formala\u015fmas\u0131ndan ir\u0259li g\u0259lir. H\u0259m ustal\u0131q, h\u0259m fiziki g\u00fcc, h\u0259m d\u0259 ilboyu bu tempd\u0259 oynamaq bel\u0259 v\u0259ziyy\u0259t\u0259 g\u0259tirib \u00e7\u0131xar\u0131r\u201d.<\/p>\n<p>Qurban Qurbanov h\u0259m \u00f6z\u00fcn\u0259, h\u0259m d\u0259 futbol\u00e7ular\u0131na Avropa klublar\u0131n\u0131n maraq g\u00f6st\u0259rm\u0259sin\u0259 d\u0259 m\u00fcnasib\u0259t bildirib. O, \u201cQaraba\u011f\u201ddan ayr\u0131lmaq ist\u0259m\u0259diyini deyib: \u201cA\u00e7\u0131\u011f\u0131, haz\u0131rda komandam\u0131 d\u0259yi\u015fm\u0259k bar\u0259d\u0259 fikirl\u0259\u015fmir\u0259m. M\u0259nim \u00f6z\u00fcm\u0259 yox, Az\u0259rbaycana mara\u011f\u0131n olmas\u0131na sevinir\u0259m. Bu komanda haqq\u0131nda dan\u0131\u015f\u0131l\u0131rsa, oyun\u00e7ular\u0131na diqq\u0259t ayr\u0131l\u0131rsa, dem\u0259li, onlar\u0131n harada, hans\u0131 \u00e7empionatda oynamalar\u0131 il\u0259 maraqlan\u0131rlar. M\u0259n \u00f6z\u00fcm \u201cQaraba\u011f\u201da \u00e7ox ba\u011fl\u0131yam, sadiq\u0259m. O ki qald\u0131 futbol\u00e7ulara, h\u0259mi\u015f\u0259 u\u011fur qazanan hey\u0259ti qoruyub saxlamaq ist\u0259mi\u015fik. T\u0259\u0259ss\u00fcf ki, b\u0259z\u0259n al\u0131nmay\u0131b. Bunun da faydas\u0131 olub. Avropa futbolunun \u201ctransfer bazar\u0131\u201dna girm\u0259k b\u00f6y\u00fck u\u011furdur. Oyun\u00e7ular\u0131m\u0131zla maraqlan\u0131rlarsa, bunun biz\u0259 g\u0259l\u0259c\u0259kd\u0259 ancaq xeyri d\u0259y\u0259c\u0259k. Bizd\u0259n as\u0131l\u0131 olan h\u0259r \u015feyi etmi\u015fik\u201d.<\/p>\n<p>M\u00fct\u0259x\u0259ssis Premyer Liqan\u0131n XXVII turunda \u201cTuran Tovuz\u201dla ke\u00e7iril\u0259c\u0259k s\u0259f\u0259r oyununa haz\u0131rla\u015facaqlar\u0131n\u0131 s\u00f6zl\u0259rin\u0259 \u0259lav\u0259 edib: \u201c\u00c7empionat oyunlar\u0131na k\u00f6kl\u0259nm\u0259k \u00e7\u0259tin olmayacaq. \u0130ll\u0259rdir bu formada oynam\u0131\u015f\u0131q. Sad\u0259c\u0259, \u201cTuran Tovuz\u201dla oyun \u00fc\u00e7\u00fcn Tovuza getm\u0259k bir az \u00e7\u0259tin olacaq\u201d.<\/p>\n<p>Qurban Qurbanov sonda yeni futbol\u00e7u axtar\u0131\u015flar\u0131n\u0131 davam etdirdikl\u0259rini bildirib: \u201cBununla ba\u011fl\u0131 i\u015fl\u0259rimiz davam edir. B\u0259z\u0259n buna az zaman ay\u0131ra bil\u0259rik. Amma \u00fcmumilikd\u0259 ilboyu bax\u0131\u015flar\u0131m\u0131z, dan\u0131\u015f\u0131qlar\u0131m\u0131z, axtar\u0131\u015flar\u0131m\u0131z olur\u201d.<\/p>\n","protected":false},"excerpt":{"rendered":"<p>\u0130ngilis hakim\u0259 yara\u015fmayan q\u0131rm\u0131z\u0131 v\u0259r\u0259q\u0259 oldu. \u201c\u0130NFONEWS\u201d\u00a0x\u0259b\u0259r verir ki, bunu \u201cQaraba\u011f\u201d\u0131n ba\u015f m\u0259\u015fq\u00e7isi Qurban Qurbanov Almaniyan\u0131n \u201cBayer 04\u201d klubuna 2:3 hesab\u0131 il\u0259 m\u0259\u011flub olduqlar\u0131 UEFA Avropa Liqas\u0131n\u0131n 1\/8 final m\u0259rh\u0259l\u0259sinin&hellip; <\/p>\n","protected":false},"author":30,"featured_media":42883,"comment_status":"open","ping_status":"open","sticky":false,"template":"","format":"standard","meta":{"_mi_skip_tracking":false,"_monsterinsights_sitenote_active":false,"_monsterinsights_sitenote_note":"","_monsterinsights_sitenote_category":0,"footnotes":""},"categories":[58,11],"tags":[204,13294,13295],"aioseo_notices":[],"_links":{"self":[{"href":"https:\/\/infonews.az\/index.php?rest_route=\/wp\/v2\/posts\/42882"}],"collection":[{"href":"https:\/\/infonews.az\/index.php?rest_route=\/wp\/v2\/posts"}],"about":[{"href":"https:\/\/infonews.az\/index.php?rest_route=\/wp\/v2\/types\/post"}],"author":[{"embeddable":true,"href":"https:\/\/infonews.az\/index.php?rest_route=\/wp\/v2\/users\/30"}],"replies":[{"embeddable":true,"href":"https:\/\/infonews.az\/index.php?rest_route=%2Fwp%2Fv2%2Fcomments&post=42882"}],"version-history":[{"count":1,"href":"https:\/\/infonews.az\/index.php?rest_route=\/wp\/v2\/posts\/42882\/revisions"}],"predecessor-version":[{"id":42884,"href":"https:\/\/infonews.az\/index.php?rest_route=\/wp\/v2\/posts\/42882\/revisions\/42884"}],"wp:featuredmedia":[{"embeddable":true,"href":"https:\/\/infonews.az\/index.php?rest_route=\/wp\/v2\/media\/42883"}],"wp:attachment":[{"href":"https:\/\/infonews.az\/index.php?rest_route=%2Fwp%2Fv2%2Fmedia&parent=42882"}],"wp:term":[{"taxonomy":"category","embeddable":true,"href":"https:\/\/infonews.az\/index.php?rest_route=%2Fwp%2Fv2%2Fcategories&post=42882"},{"taxonomy":"post_tag","embeddable":true,"href":"https:\/\/infonews.az\/index.php?rest_route=%2Fwp%2Fv2%2Ftags&post=42882"}],"curies":[{"name":"wp","href":"https:\/\/api.w.org\/{rel}","templated":true}]}}