{"id":42917,"date":"2024-03-11T23:09:56","date_gmt":"2024-03-11T19:09:56","guid":{"rendered":"https:\/\/infonews.az\/?p=42917"},"modified":"2024-03-24T23:11:16","modified_gmt":"2024-03-24T19:11:16","slug":"litva-xin-r%c9%99hb%c9%99ri-ukraynadaki-doyusl%c9%99rin-n%c9%99tic%c9%99si-q%c9%99rbd%c9%99n-asilidir","status":"publish","type":"post","link":"https:\/\/infonews.az\/?p=42917","title":{"rendered":"Litva X\u0130N r\u0259hb\u0259ri: Ukraynadak\u0131 d\u00f6y\u00fc\u015fl\u0259rin n\u0259tic\u0259si Q\u0259rbd\u0259n as\u0131l\u0131d\u0131r"},"content":{"rendered":"<blockquote><p>Ukraynadak\u0131 d\u00f6y\u00fc\u015fl\u0259rin n\u0259tic\u0259si Q\u0259rbd\u0259n as\u0131l\u0131d\u0131r.<\/p><\/blockquote>\n<p><a href=\"https:\/\/infonews.az\/\"><strong>\u201c\u0130NFONEWS\u201d <\/strong><\/a>\u00a0xarici K\u0130V-\u0259 istinad\u0259n x\u0259b\u0259r verir ki, bunu Litvan\u0131n xarici i\u015fl\u0259r naziri Qabrielius Landsbergis deyib.<\/p>\n<p>O, Fransa Prezidenti Emmanuel Makronun Q\u0259rb qo\u015funlar\u0131n\u0131n Ukraynaya g\u00f6nd\u0259rilm\u0259si il\u0259 ba\u011fl\u0131 t\u0259klifini b\u0259y\u0259ndiyini diqq\u0259t\u0259 \u00e7atd\u0131r\u0131b: \u201c2024-c\u00fc il Ukraynadak\u0131 h\u0259rbi \u0259m\u0259liyyatlar\u0131n ba\u015fa \u00e7atmas\u0131 \u00fc\u00e7\u00fcn h\u0259lledici ola bil\u0259r. M\u00fcharib\u0259nin n\u0259tic\u0259si texnikan\u0131n miqdar\u0131ndan as\u0131l\u0131d\u0131r. Ukraynal\u0131lar\u0131n d\u00f6y\u00fc\u015f sursatlar\u0131 Rusiyan\u0131nk\u0131ndan 7 d\u0259f\u0259 azd\u0131r. Onlar\u0131n m\u00fcqavim\u0259t g\u00f6st\u0259r\u0259 bilm\u0259l\u0259ri bir m\u00f6c\u00fcz\u0259dir. Bu il b\u0259zi f\u0259lak\u0259tli hadis\u0259l\u0259rin ba\u015f verdiyini g\u00f6r\u0259 bil\u0259rik\u201d.<\/p>\n<p>Nazirin s\u00f6zl\u0259rin\u0259 g\u00f6r\u0259, indi Q\u0259rb qo\u015funlar\u0131n\u0131n Ukraynaya g\u00f6nd\u0259rilm\u0259si haqq\u0131nda m\u00fczakir\u0259l\u0259rin vaxt\u0131d\u0131r: \u201cQ\u0259rars\u0131zl\u0131q Avropan\u0131 z\u0259ifl\u0259dir. Biz h\u0259r\u0259k\u0259t\u0259 ke\u00e7m\u0259liyik\u201d.<\/p>\n<p>Qeyd ed\u0259k ki, E.Makron fevral\u0131n 26-da deyib ki, m\u00fctt\u0259fiql\u0259r Ukraynan\u0131 d\u0259st\u0259kl\u0259m\u0259k \u00fc\u00e7\u00fcn h\u0259r \u015feyi etm\u0259lidir. O, Q\u0259rb qo\u015funlar\u0131n\u0131n Ukraynaya g\u00f6nd\u0259rilm\u0259sinin m\u00fcmk\u00fcn ssenari oldu\u011funu s\u00f6yl\u0259yib. B\u00f6y\u00fck Britaniya, Macar\u0131stan, Almaniya, \u0130taliya, Slovakiya, \u00c7exiya v\u0259 \u0130sve\u00e7 bu fikirl\u0259 raz\u0131la\u015fmay\u0131b. \u0130taliyan\u0131n m\u00fcdafi\u0259 naziri Guido Crosetto bildirib ki, Fransa b\u00fct\u00fcn NATO \u00fczvl\u0259ri ad\u0131ndan dan\u0131\u015fa bilm\u0259z. Onun fikrinc\u0259, NATO qo\u015funlar\u0131n\u0131n Ukraynaya g\u00f6nd\u0259rilm\u0259si diplomatik h\u0259ll yolunu aradan qald\u0131racaq.<\/p>\n","protected":false},"excerpt":{"rendered":"<p>Ukraynadak\u0131 d\u00f6y\u00fc\u015fl\u0259rin n\u0259tic\u0259si Q\u0259rbd\u0259n as\u0131l\u0131d\u0131r. \u201c\u0130NFONEWS\u201d \u00a0xarici K\u0130V-\u0259 istinad\u0259n x\u0259b\u0259r verir ki, bunu Litvan\u0131n xarici i\u015fl\u0259r naziri Qabrielius Landsbergis deyib. O, Fransa Prezidenti Emmanuel Makronun Q\u0259rb qo\u015funlar\u0131n\u0131n Ukraynaya g\u00f6nd\u0259rilm\u0259si il\u0259&hellip; <\/p>\n","protected":false},"author":30,"featured_media":42918,"comment_status":"open","ping_status":"open","sticky":false,"template":"","format":"standard","meta":{"_mi_skip_tracking":false,"_monsterinsights_sitenote_active":false,"_monsterinsights_sitenote_note":"","_monsterinsights_sitenote_category":0,"footnotes":""},"categories":[9,6,11],"tags":[7228,172],"aioseo_notices":[],"_links":{"self":[{"href":"https:\/\/infonews.az\/index.php?rest_route=\/wp\/v2\/posts\/42917"}],"collection":[{"href":"https:\/\/infonews.az\/index.php?rest_route=\/wp\/v2\/posts"}],"about":[{"href":"https:\/\/infonews.az\/index.php?rest_route=\/wp\/v2\/types\/post"}],"author":[{"embeddable":true,"href":"https:\/\/infonews.az\/index.php?rest_route=\/wp\/v2\/users\/30"}],"replies":[{"embeddable":true,"href":"https:\/\/infonews.az\/index.php?rest_route=%2Fwp%2Fv2%2Fcomments&post=42917"}],"version-history":[{"count":1,"href":"https:\/\/infonews.az\/index.php?rest_route=\/wp\/v2\/posts\/42917\/revisions"}],"predecessor-version":[{"id":42919,"href":"https:\/\/infonews.az\/index.php?rest_route=\/wp\/v2\/posts\/42917\/revisions\/42919"}],"wp:featuredmedia":[{"embeddable":true,"href":"https:\/\/infonews.az\/index.php?rest_route=\/wp\/v2\/media\/42918"}],"wp:attachment":[{"href":"https:\/\/infonews.az\/index.php?rest_route=%2Fwp%2Fv2%2Fmedia&parent=42917"}],"wp:term":[{"taxonomy":"category","embeddable":true,"href":"https:\/\/infonews.az\/index.php?rest_route=%2Fwp%2Fv2%2Fcategories&post=42917"},{"taxonomy":"post_tag","embeddable":true,"href":"https:\/\/infonews.az\/index.php?rest_route=%2Fwp%2Fv2%2Ftags&post=42917"}],"curies":[{"name":"wp","href":"https:\/\/api.w.org\/{rel}","templated":true}]}}