{"id":43197,"date":"2024-03-26T14:39:53","date_gmt":"2024-03-26T10:39:53","guid":{"rendered":"https:\/\/infonews.az\/?p=43197"},"modified":"2024-03-26T14:39:53","modified_gmt":"2024-03-26T10:39:53","slug":"hikm%c9%99t-haciyev-az%c9%99rbaycan-vahid-cin-siyas%c9%99tini-d%c9%99st%c9%99kl%c9%99yir","status":"publish","type":"post","link":"https:\/\/infonews.az\/?p=43197","title":{"rendered":"Hikm\u0259t Hac\u0131yev: Az\u0259rbaycan vahid \u00c7in siyas\u0259tini d\u0259st\u0259kl\u0259yir"},"content":{"rendered":"<blockquote><p>Az\u0259rbaycan Prezidentinin k\u00f6m\u0259k\u00e7isi &#8211; Prezident Administrasiyas\u0131n\u0131n Xarici siyas\u0259t m\u0259s\u0259l\u0259l\u0259ri \u015f\u00f6b\u0259sinin m\u00fcdiri Hikm\u0259t Hac\u0131yev Az\u0259rbaycan\u0131n h\u0259mi\u015f\u0259 vahid \u00c7in siyas\u0259tini d\u0259st\u0259kl\u0259diyini a\u00e7\u0131qlay\u0131b.<\/p><\/blockquote>\n<p><a href=\"https:\/\/infonews.az\/?p=42949&amp;preview=true\"><strong>\u201c\u0130NFONEWS\u201d\u00a0<\/strong><\/a>\u00a0x\u0259b\u0259r verir ki, o bunu \u00c7inin &#8220;Global Times&#8221; q\u0259zetin\u0259 m\u00fcsahib\u0259sind\u0259 deyib.<\/p>\n<p>\u201c\u00d6lk\u0259l\u0259rimiz aras\u0131nda g\u00fccl\u00fc siyasi \u0259laq\u0259l\u0259r m\u00f6vcuddur. Biz h\u0259mi\u015f\u0259 vahid \u00c7in siyas\u0259tini d\u0259st\u0259kl\u0259yirik. Bu yax\u0131nlarda \u00c7inin Tayvan b\u00f6lg\u0259sind\u0259 qeyri-qanuni se\u00e7ki olub v\u0259 Az\u0259rbaycan bunu tamamil\u0259 q\u0259buledilm\u0259z kimi qiym\u0259tl\u0259ndirib\u201d,-Prezident k\u00f6m\u0259k\u00e7isi bildirib.<\/p>\n<p>H.Hac\u0131yev \u00c7in il\u0259 \u0259m\u0259kda\u015fl\u0131q perspektivl\u0259rind\u0259n s\u00f6z a\u00e7araq Az\u0259rbaycanda daha \u00e7ox \u00c7in \u015firk\u0259ti g\u00f6rm\u0259k ist\u0259diyini s\u00f6yl\u0259yib:<\/p>\n<p>\u201c\u0130ndi biz iki \u00f6lk\u0259 aras\u0131nda ticar\u0259t \u0259laq\u0259l\u0259rind\u0259 sabit art\u0131m g\u00f6r\u00fcr\u00fck, lakin bu, son n\u0259tic\u0259 deyil. Bunun \u00fc\u00e7\u00fcn daha \u00e7ox perspektivl\u0259r var. Birincisi, m\u0259n Az\u0259rbaycanda daha \u00e7ox \u00c7in \u015firk\u0259tl\u0259ri g\u00f6rm\u0259k ist\u0259rdim. \u00c7in \u015firk\u0259tl\u0259ri art\u0131q Az\u0259rbaycan iqtisadiyyat\u0131n\u0131n \u015fax\u0259l\u0259ndirilm\u0259sind\u0259 i\u015ftirak edirl\u0259r, lakin Az\u0259rbaycan ya\u015f\u0131l inki\u015fafa do\u011fru ir\u0259lil\u0259dikc\u0259 biz daha \u00e7ox \u015fey g\u00f6zl\u0259yirik\u201d.<\/p>\n","protected":false},"excerpt":{"rendered":"<p>Az\u0259rbaycan Prezidentinin k\u00f6m\u0259k\u00e7isi &#8211; Prezident Administrasiyas\u0131n\u0131n Xarici siyas\u0259t m\u0259s\u0259l\u0259l\u0259ri \u015f\u00f6b\u0259sinin m\u00fcdiri Hikm\u0259t Hac\u0131yev Az\u0259rbaycan\u0131n h\u0259mi\u015f\u0259 vahid \u00c7in siyas\u0259tini d\u0259st\u0259kl\u0259diyini a\u00e7\u0131qlay\u0131b. \u201c\u0130NFONEWS\u201d\u00a0\u00a0x\u0259b\u0259r verir ki, o bunu \u00c7inin &#8220;Global Times&#8221; q\u0259zetin\u0259 m\u00fcsahib\u0259sind\u0259&hellip; <\/p>\n","protected":false},"author":30,"featured_media":43198,"comment_status":"open","ping_status":"open","sticky":false,"template":"","format":"standard","meta":{"_mi_skip_tracking":false,"_monsterinsights_sitenote_active":false,"_monsterinsights_sitenote_note":"","_monsterinsights_sitenote_category":0,"footnotes":""},"categories":[6,11,10171],"tags":[13357,68,84,3821],"aioseo_notices":[],"_links":{"self":[{"href":"https:\/\/infonews.az\/index.php?rest_route=\/wp\/v2\/posts\/43197"}],"collection":[{"href":"https:\/\/infonews.az\/index.php?rest_route=\/wp\/v2\/posts"}],"about":[{"href":"https:\/\/infonews.az\/index.php?rest_route=\/wp\/v2\/types\/post"}],"author":[{"embeddable":true,"href":"https:\/\/infonews.az\/index.php?rest_route=\/wp\/v2\/users\/30"}],"replies":[{"embeddable":true,"href":"https:\/\/infonews.az\/index.php?rest_route=%2Fwp%2Fv2%2Fcomments&post=43197"}],"version-history":[{"count":1,"href":"https:\/\/infonews.az\/index.php?rest_route=\/wp\/v2\/posts\/43197\/revisions"}],"predecessor-version":[{"id":43199,"href":"https:\/\/infonews.az\/index.php?rest_route=\/wp\/v2\/posts\/43197\/revisions\/43199"}],"wp:featuredmedia":[{"embeddable":true,"href":"https:\/\/infonews.az\/index.php?rest_route=\/wp\/v2\/media\/43198"}],"wp:attachment":[{"href":"https:\/\/infonews.az\/index.php?rest_route=%2Fwp%2Fv2%2Fmedia&parent=43197"}],"wp:term":[{"taxonomy":"category","embeddable":true,"href":"https:\/\/infonews.az\/index.php?rest_route=%2Fwp%2Fv2%2Fcategories&post=43197"},{"taxonomy":"post_tag","embeddable":true,"href":"https:\/\/infonews.az\/index.php?rest_route=%2Fwp%2Fv2%2Ftags&post=43197"}],"curies":[{"name":"wp","href":"https:\/\/api.w.org\/{rel}","templated":true}]}}