{"id":43203,"date":"2024-03-26T14:50:48","date_gmt":"2024-03-26T10:50:48","guid":{"rendered":"https:\/\/infonews.az\/?p=43203"},"modified":"2024-03-26T14:50:48","modified_gmt":"2024-03-26T10:50:48","slug":"viktor-orban-avropa-ittifaqi-sorosun-%c9%99sirliyind%c9%99dir","status":"publish","type":"post","link":"https:\/\/infonews.az\/?p=43203","title":{"rendered":"Viktor Orban: Avropa \u0130ttifaq\u0131 Sorosun \u0259sirliyind\u0259dir"},"content":{"rendered":"<blockquote><p>\u201cAvropa \u0130ttifaq\u0131 (A\u0130) amerikal\u0131 i\u015f adam\u0131 Corc Sorosun \u0259sirliyind\u0259 oldu\u011funa g\u00f6r\u0259 s\u00fclhsev\u0259r siyas\u0259t apara bilmir\u201d.<\/p><\/blockquote>\n<p><a href=\"https:\/\/infonews.az\/?p=42949&amp;preview=true\"><strong>\u201c\u0130NFONEWS\u201d\u00a0<\/strong><\/a> x\u0259b\u0259r verir ki, bunu Macar\u0131stan\u0131n Ba\u015f naziri Viktor Orban \u201cKossuth\u201d radiosunun efirind\u0259 bildirib.<\/p>\n<p>H\u00f6kum\u0259t ba\u015f\u00e7\u0131s\u0131 Avropa siyas\u0259t\u00e7il\u0259rinin Ukraynadak\u0131 nizamlanma il\u0259 ba\u011fl\u0131 m\u00f6vqeyini \u015f\u0259rh edib. Onun s\u00f6zl\u0259rin\u0259 g\u00f6r\u0259, ictimai r\u0259y getdikc\u0259 daha \u00e7ox s\u00fclh yolu il\u0259 nizamlanman\u0131n t\u0259r\u0259fdar\u0131 olan partiyalar\u0131n d\u0259st\u0259yin\u0259 meyil edir. Siyas\u0259t\u00e7i h\u0259m\u00e7inin \u0259lav\u0259 edib ki, A\u0130 liderl\u0259ri d\u0259 bunu hiss edirl\u0259r.<\/p>\n<p>&#8220;Avropada s\u00fclh\u0259 t\u0259r\u0259f d\u00f6n\u00fc\u015f al\u0131nm\u0131r, ona g\u00f6r\u0259 ki, Br\u00fcssel \u0259slind\u0259 Corc Soros \u015f\u0259b\u0259k\u0259sinin \u0259siridir&#8221;, &#8211; dey\u0259 Macar\u0131stan\u0131n Ba\u015f naziri bildirib. O \u0259lav\u0259 edib ki, biznesmenin n\u00fcmay\u0259nd\u0259l\u0259ri Avropa siyas\u0259tin\u0259 \u00e7ox b\u00f6y\u00fck t\u0259sir g\u00f6st\u0259rirl\u0259r, \u00e7\u00fcnki o, 30 il \u0259rzind\u0259 \u00f6z t\u0259sir \u015f\u0259b\u0259k\u0259sini qurub. Orban vur\u011fulay\u0131b ki, avropal\u0131lar Avropa Parlamentin\u0259 se\u00e7kil\u0259rd\u0259 \u201cm\u00fcharib\u0259 meyilli siyas\u0259t\u00e7il\u0259rin\u201d f\u0259aliyy\u0259tini qiym\u0259tl\u0259ndir\u0259 bil\u0259c\u0259kl\u0259r.<\/p>\n","protected":false},"excerpt":{"rendered":"<p>\u201cAvropa \u0130ttifaq\u0131 (A\u0130) amerikal\u0131 i\u015f adam\u0131 Corc Sorosun \u0259sirliyind\u0259 oldu\u011funa g\u00f6r\u0259 s\u00fclhsev\u0259r siyas\u0259t apara bilmir\u201d. \u201c\u0130NFONEWS\u201d\u00a0 x\u0259b\u0259r verir ki, bunu Macar\u0131stan\u0131n Ba\u015f naziri Viktor Orban \u201cKossuth\u201d radiosunun efirind\u0259 bildirib. H\u00f6kum\u0259t&hellip; <\/p>\n","protected":false},"author":30,"featured_media":43204,"comment_status":"open","ping_status":"open","sticky":false,"template":"","format":"standard","meta":{"_mi_skip_tracking":false,"_monsterinsights_sitenote_active":false,"_monsterinsights_sitenote_note":"","_monsterinsights_sitenote_category":0,"footnotes":""},"categories":[9,11],"tags":[10142,6181,13359,3596],"aioseo_notices":[],"_links":{"self":[{"href":"https:\/\/infonews.az\/index.php?rest_route=\/wp\/v2\/posts\/43203"}],"collection":[{"href":"https:\/\/infonews.az\/index.php?rest_route=\/wp\/v2\/posts"}],"about":[{"href":"https:\/\/infonews.az\/index.php?rest_route=\/wp\/v2\/types\/post"}],"author":[{"embeddable":true,"href":"https:\/\/infonews.az\/index.php?rest_route=\/wp\/v2\/users\/30"}],"replies":[{"embeddable":true,"href":"https:\/\/infonews.az\/index.php?rest_route=%2Fwp%2Fv2%2Fcomments&post=43203"}],"version-history":[{"count":1,"href":"https:\/\/infonews.az\/index.php?rest_route=\/wp\/v2\/posts\/43203\/revisions"}],"predecessor-version":[{"id":43205,"href":"https:\/\/infonews.az\/index.php?rest_route=\/wp\/v2\/posts\/43203\/revisions\/43205"}],"wp:featuredmedia":[{"embeddable":true,"href":"https:\/\/infonews.az\/index.php?rest_route=\/wp\/v2\/media\/43204"}],"wp:attachment":[{"href":"https:\/\/infonews.az\/index.php?rest_route=%2Fwp%2Fv2%2Fmedia&parent=43203"}],"wp:term":[{"taxonomy":"category","embeddable":true,"href":"https:\/\/infonews.az\/index.php?rest_route=%2Fwp%2Fv2%2Fcategories&post=43203"},{"taxonomy":"post_tag","embeddable":true,"href":"https:\/\/infonews.az\/index.php?rest_route=%2Fwp%2Fv2%2Ftags&post=43203"}],"curies":[{"name":"wp","href":"https:\/\/api.w.org\/{rel}","templated":true}]}}