{"id":43260,"date":"2024-03-28T10:38:15","date_gmt":"2024-03-28T06:38:15","guid":{"rendered":"https:\/\/infonews.az\/?p=43260"},"modified":"2024-03-28T11:24:21","modified_gmt":"2024-03-28T07:24:21","slug":"q%c9%99rbi-az%c9%99rbaycan-icmasindan-yeni-beyanat","status":"publish","type":"post","link":"https:\/\/infonews.az\/?p=43260","title":{"rendered":"Q\u0259rbi Az\u0259rbaycan \u0130cmas\u0131ndan yeni B\u018fYANAT"},"content":{"rendered":"<p><span style=\"color: #ffffff;\">Q\u0259rbi Az\u0259rbaycan \u0130cmas\u0131ndan yeni B\u018fYANAT <\/span><\/p>\n<blockquote><p>Mart\u0131n 27-d\u0259 Fransan\u0131n \u201cLe Figaro\u201d q\u0259zetind\u0259 Erm\u0259nistan\u0131n vaxtil\u0259 i\u015f\u011fal etdiyi Az\u0259rbaycan \u0259razil\u0259rind\u0259 yaratm\u0131\u015f oldu\u011fu v\u0259 tarixin zibil qutusuna at\u0131lm\u0131\u015f qanunsuz rejimin t\u00f6r-t\u00f6k\u00fcnt\u00fcl\u0259ri il\u0259 m\u00fcsahib\u0259 d\u0259rc edilib.<\/p>\n<p>Az\u0259rbaycan\u0131n xalqlar aras\u0131nda nifaq\u0131 gerid\u0259 qoyma\u011fa xidm\u0259t ed\u0259n, anla\u015fmaya, bar\u0131\u015f\u0131\u011fa \u0259saslanan, humanist siyas\u0259ti say\u0259sind\u0259 s\u0259rb\u0259st qalm\u0131\u015f bu \u015f\u0259xs indi yenid\u0259n Az\u0259rbaycan\u0131n \u0259razi b\u00fct\u00f6vl\u00fcy\u00fcn\u0259 v\u0259 suverenliyin\u0259 q\u0259sd etm\u0259k fikrin\u0259 d\u00fc\u015f\u00fcb.<\/p><\/blockquote>\n<p><a href=\"https:\/\/infonews.az\/?p=43260\"><span style=\"color: #333399;\"><strong>&#8220;\u0130NFONEWS&#8221;<\/strong><\/span><\/a> x\u0259b\u0259r verir ki, bu fikirl\u0259r Q\u0259rbi Az\u0259rbaycan \u0130cmas\u0131n\u0131n b\u0259yanat\u0131nda yer al\u0131b.<\/p>\n<p>B\u0259yanatda, h\u0259m\u00e7inin diqq\u0259t\u0259 \u00e7atd\u0131r\u0131l\u0131b ki, s\u00f6z\u00fcged\u0259n \u015f\u0259xs separat\u00e7\u0131 strukturlar\u0131n Erm\u0259nistan \u0259razisind\u0259 f\u0259aliyy\u0259tini davam etdirdiyini bildirib, Fransa ba\u015fda olmaqla, xarici g\u00fccl\u0259ri regionun m\u0259s\u0259l\u0259l\u0259rin\u0259 m\u00fcdaxil\u0259 etm\u0259y\u0259 \u00e7a\u011f\u0131r\u0131b v\u0259 Az\u0259rbaycanla Erm\u0259nistan aras\u0131nda s\u00fclh\u00fcn \u0259ld\u0259 olunmas\u0131na qar\u015f\u0131 \u00e7\u0131x\u0131b. H\u0259min separatist \u00fcns\u00fcrl\u0259r \u00f6zl\u0259rini \u201cm\u00fchacir h\u00f6kum\u0259t\u201d, \u201cprezident\u201d, \u201cnazir\u201d kimi t\u0259qdim edir, Erm\u0259nistan h\u00f6kum\u0259ti is\u0259 faktiki olaraq buna g\u00f6z yumur.<\/p>\n<p>Qeyd ed\u0259k ki, m\u00fcsahib\u0259nin m\u0259hz Fransan\u0131n m\u0259tbuat orqanlar\u0131n\u0131n birind\u0259 d\u0259rc olunmas\u0131 t\u0259sad\u00fcfi deyil. Fransa ba\u015fda olmaqla, \u00f6z m\u0259nfur geosiyasi niyy\u0259tl\u0259ri il\u0259 regiona daxil olma\u011fa \u00e7al\u0131\u015fan b\u0259zi q\u00fcvv\u0259l\u0259r regionda s\u00fclh\u00fcn \u0259ld\u0259 edilm\u0259sin\u0259 yol verm\u0259k ist\u0259mirl\u0259r v\u0259 bunun \u00fc\u00e7\u00fcn b\u00fct\u00fcn vasit\u0259l\u0259rl\u0259 g\u0259rginliyi art\u0131rma\u011fa \u00e7al\u0131\u015f\u0131rlar. Erm\u0259nistan\u0131n h\u0259rbil\u0259\u015fdirilm\u0259sin\u0259 yard\u0131mlar, bu m\u00fcsahib\u0259, aprelin 5-d\u0259 ke\u00e7iril\u0259c\u0259k Erm\u0259nistan-AB\u015e-Avropa \u0130ttifaq\u0131 sammiti \u2013 bunlar\u0131n ham\u0131s\u0131 eyni x\u0259tt\u0259 xidm\u0259t ed\u0259n vahid kampaniyan\u0131n t\u0259rkib hiss\u0259l\u0259ridir.<\/p>\n<p>Q\u0259rbi Az\u0259rbaycan \u0130cmas\u0131 Erm\u0259nistan h\u00f6kum\u0259tini v\u0259 ictimaiyy\u0259tini tarixd\u0259n d\u0259rs \u00e7\u0131xararaq Fransan\u0131n oyunlar\u0131na getm\u0259m\u0259y\u0259 \u00e7a\u011f\u0131r\u0131r. Erm\u0259nistan anlamal\u0131d\u0131r ki, \u00f6z \u0259razisind\u0259 Az\u0259rbaycan\u0131n \u0259razi b\u00fct\u00f6vl\u00fcy\u00fc v\u0259 suverenliyin\u0259 q\u0259sd ed\u0259n \u00fcns\u00fcrl\u0259rin f\u0259aliyy\u0259tin\u0259 \u015f\u0259rait yaratmas\u0131 yolverilm\u0259zdir.<\/p>\n<p>Q\u0259rbi Az\u0259rbaycan \u0130cmas\u0131 Erm\u0259nistandan revan\u015fist v\u0259 militarist siyas\u0259tin\u0259 son qoyma\u011f\u0131, Az\u0259rbaycanla s\u00fclh \u0259ld\u0259 etm\u0259k yolunu tutma\u011f\u0131 v\u0259 Q\u0259rbi az\u0259rbaycanl\u0131lar\u0131n \u00f6z evl\u0259rin\u0259 qay\u0131tmalar\u0131na \u015f\u0259rait yaratma\u011f\u0131 t\u0259l\u0259b edir.<\/p>\n","protected":false},"excerpt":{"rendered":"<p>Q\u0259rbi Az\u0259rbaycan \u0130cmas\u0131ndan yeni B\u018fYANAT Mart\u0131n 27-d\u0259 Fransan\u0131n \u201cLe Figaro\u201d q\u0259zetind\u0259 Erm\u0259nistan\u0131n vaxtil\u0259 i\u015f\u011fal etdiyi Az\u0259rbaycan \u0259razil\u0259rind\u0259 yaratm\u0131\u015f oldu\u011fu v\u0259 tarixin zibil qutusuna at\u0131lm\u0131\u015f qanunsuz rejimin t\u00f6r-t\u00f6k\u00fcnt\u00fcl\u0259ri il\u0259 m\u00fcsahib\u0259 d\u0259rc&hellip; <\/p>\n","protected":false},"author":14,"featured_media":43261,"comment_status":"open","ping_status":"open","sticky":false,"template":"","format":"standard","meta":{"_mi_skip_tracking":false,"_monsterinsights_sitenote_active":false,"_monsterinsights_sitenote_note":"","_monsterinsights_sitenote_category":0,"footnotes":""},"categories":[11,10171],"tags":[13383,4585,15,9841],"aioseo_notices":[],"_links":{"self":[{"href":"https:\/\/infonews.az\/index.php?rest_route=\/wp\/v2\/posts\/43260"}],"collection":[{"href":"https:\/\/infonews.az\/index.php?rest_route=\/wp\/v2\/posts"}],"about":[{"href":"https:\/\/infonews.az\/index.php?rest_route=\/wp\/v2\/types\/post"}],"author":[{"embeddable":true,"href":"https:\/\/infonews.az\/index.php?rest_route=\/wp\/v2\/users\/14"}],"replies":[{"embeddable":true,"href":"https:\/\/infonews.az\/index.php?rest_route=%2Fwp%2Fv2%2Fcomments&post=43260"}],"version-history":[{"count":1,"href":"https:\/\/infonews.az\/index.php?rest_route=\/wp\/v2\/posts\/43260\/revisions"}],"predecessor-version":[{"id":43262,"href":"https:\/\/infonews.az\/index.php?rest_route=\/wp\/v2\/posts\/43260\/revisions\/43262"}],"wp:featuredmedia":[{"embeddable":true,"href":"https:\/\/infonews.az\/index.php?rest_route=\/wp\/v2\/media\/43261"}],"wp:attachment":[{"href":"https:\/\/infonews.az\/index.php?rest_route=%2Fwp%2Fv2%2Fmedia&parent=43260"}],"wp:term":[{"taxonomy":"category","embeddable":true,"href":"https:\/\/infonews.az\/index.php?rest_route=%2Fwp%2Fv2%2Fcategories&post=43260"},{"taxonomy":"post_tag","embeddable":true,"href":"https:\/\/infonews.az\/index.php?rest_route=%2Fwp%2Fv2%2Ftags&post=43260"}],"curies":[{"name":"wp","href":"https:\/\/api.w.org\/{rel}","templated":true}]}}