{"id":43422,"date":"2024-04-22T08:53:41","date_gmt":"2024-04-22T04:53:41","guid":{"rendered":"https:\/\/infonews.az\/?p=43422"},"modified":"2024-04-22T12:36:07","modified_gmt":"2024-04-22T08:36:07","slug":"yuks%c9%99lis-musabiq%c9%99sinin-umumi-bilikl%c9%99r-imtahani-kecirilib","status":"publish","type":"post","link":"https:\/\/infonews.az\/?p=43422","title":{"rendered":"\u201cY\u00fcks\u0259li\u015f\u201d m\u00fcsabiq\u0259sinin \u201c\u00dcmumi bilikl\u0259r imtahan\u0131\u201d ke\u00e7irilib"},"content":{"rendered":"<p class=\"entry-title\"><span style=\"color: #ffffff;\">\u201cY\u00fcks\u0259li\u015f\u201d m\u00fcsabiq\u0259sinin \u201c\u00dcmumi bilikl\u0259r imtahan\u0131\u201d ke\u00e7irilib<\/span><\/p>\n<blockquote><p><strong>D\u00f6rd\u00fcnc\u00fc \u201cY\u00fcks\u0259li\u015f\u201d m\u00fcsabiq\u0259si i\u015ftirak\u00e7\u0131lar\u0131n\u0131n s\u0259birsizlikl\u0259 g\u00f6zl\u0259dikl\u0259ri onlayn m\u0259rh\u0259l\u0259nin \u201c\u00dcmumi bilikl\u0259r imtahan\u0131\u201d ke\u00e7irilib.<\/strong><\/p><\/blockquote>\n<p><a href=\"https:\/\/infonews.az\/?p=43422\"><span style=\"color: #333399;\"><strong>&#8220;\u0130NFONEWS&#8221;<\/strong> <\/span><\/a>&#8211; un M\u00fcsabiq\u0259nin \u0130\u015f\u00e7i Qrupundan \u0259ld\u0259 etdiyi m\u0259lumat\u0131nda bildirilib ki, imtahan h\u0259r blok \u00fczr\u0259 25 sual olmaqla \u201cAz\u0259rbaycan bloku\u201d, \u201cD\u00fcnya bloku\u201d, \u201c\u0130dar\u0259etm\u0259nin \u0259saslar\u0131\u201d, \u201cM\u00fcasir trendl\u0259r\u201dbloklar\u0131 \u00fczr\u0259 apar\u0131l\u0131b. \u0130\u015ftirak\u00e7\u0131lar\u0131n onlayn formada qat\u0131ld\u0131qlar\u0131 imtahanda 9784 namiz\u0259d i\u015ftirak edib.<\/p>\n<p>Qeyd ed\u0259k ki, bu q\u0259d\u0259r i\u015ftirak\u00e7\u0131n\u0131n eyni anda vahid sistem\u0259 daxil olaraq imtahandan ke\u00e7m\u0259si \u00f6lk\u0259mizd\u0259 bir ilkdir. \u201c\u00dcmumi bilikl\u0259r imtahan\u0131\u201d \u00fc\u00e7\u00fcn t\u0259yin olunan ke\u00e7id bal\u0131 60-d\u0131r. \u00d6t\u0259n ill\u0259rd\u0259n f\u0259rqli olaraq, bu d\u0259f\u0259 onlayn m\u0259rh\u0259l\u0259 \u201c\u00dcmumi bilikl\u0259r imtahan\u0131\u201d v\u0259 \u201cCV turu\u201d olmaqla 2 hiss\u0259d\u0259n ibar\u0259tdir. \u0130mtahan\u0131 u\u011furla ba\u015fa vuran namiz\u0259dl\u0259r may\u0131n 1-d\u0259n 10-d\u0259k davam ed\u0259c\u0259k CV turunda i\u015ftirak etm\u0259k h\u00fcququ haqq qazan\u0131blar.<\/p>\n<p>Xat\u0131rladaq ki, \u201cY\u00fcks\u0259li\u015f\u201d m\u00fcsabiq\u0259si Az\u0259rbaycan Prezidentinin 2019-cu il 26 iyul tarixli S\u0259r\u0259ncam\u0131na \u0259sas\u0259n t\u0259sis olunub. M\u00fcsabiq\u0259nin m\u0259qs\u0259di 21-51 ya\u015f aral\u0131\u011f\u0131nda olan, intellektual s\u0259viyy\u0259si y\u00fcks\u0259k v\u0259 az\u0131 iki il idar\u0259\u00e7ilik t\u0259cr\u00fcb\u0259sin\u0259 malik perspektivli r\u0259hb\u0259r \u015f\u0259xsl\u0259rin m\u00fc\u0259yy\u0259nl\u0259\u015fdirilm\u0259sini, d\u0259st\u0259kl\u0259nm\u0259sini v\u0259 \u00f6lk\u0259d\u0259 kadr ehtiyat\u0131 bank\u0131n\u0131n yarad\u0131lmas\u0131n\u0131 t\u0259min etm\u0259kdir.<\/p>\n<p>\u201cY\u00fcks\u0259li\u015f\u201d m\u00fcsabiq\u0259sinin qalibini bir il \u0259rzind\u0259 idar\u0259\u00e7i r\u0259hb\u0259rl\u0259rd\u0259n \u2013 b\u00f6y\u00fck \u015firk\u0259tl\u0259rin top-menecerl\u0259rind\u0259n v\u0259 d\u00f6vl\u0259t orqanlar\u0131n\u0131n r\u0259hb\u0259rl\u0259rind\u0259n f\u0259rdi karyera m\u0259sl\u0259h\u0259tl\u0259ri almaq imkan\u0131 v\u0259 20 min manat m\u0259bl\u0259\u011find\u0259 pul m\u00fckafat\u0131 g\u00f6zl\u0259yir.<\/p>\n<p>N\u00f6vb\u0259ti &#8211; d\u00f6rd\u00fcnc\u00fc \u201cY\u00fcks\u0259li\u015f\u201d m\u00fcsabiq\u0259sinin ke\u00e7irilm\u0259si il\u0259 ba\u011fl\u0131 Az\u0259rbaycan Prezidenti t\u0259r\u0259find\u0259n 2023-c\u00fc il dekabr\u0131n 25-d\u0259 S\u0259r\u0259ncam imzalan\u0131b.<\/p>\n","protected":false},"excerpt":{"rendered":"<p>\u201cY\u00fcks\u0259li\u015f\u201d m\u00fcsabiq\u0259sinin \u201c\u00dcmumi bilikl\u0259r imtahan\u0131\u201d ke\u00e7irilib D\u00f6rd\u00fcnc\u00fc \u201cY\u00fcks\u0259li\u015f\u201d m\u00fcsabiq\u0259si i\u015ftirak\u00e7\u0131lar\u0131n\u0131n s\u0259birsizlikl\u0259 g\u00f6zl\u0259dikl\u0259ri onlayn m\u0259rh\u0259l\u0259nin \u201c\u00dcmumi bilikl\u0259r imtahan\u0131\u201d ke\u00e7irilib. &#8220;\u0130NFONEWS&#8221; &#8211; un M\u00fcsabiq\u0259nin \u0130\u015f\u00e7i Qrupundan \u0259ld\u0259 etdiyi m\u0259lumat\u0131nda bildirilib ki, imtahan&hellip; <\/p>\n","protected":false},"author":14,"featured_media":43423,"comment_status":"open","ping_status":"open","sticky":false,"template":"","format":"standard","meta":{"_mi_skip_tracking":false,"_monsterinsights_sitenote_active":false,"_monsterinsights_sitenote_note":"","_monsterinsights_sitenote_category":0,"footnotes":""},"categories":[4,11,3],"tags":[1437,15],"aioseo_notices":[],"_links":{"self":[{"href":"https:\/\/infonews.az\/index.php?rest_route=\/wp\/v2\/posts\/43422"}],"collection":[{"href":"https:\/\/infonews.az\/index.php?rest_route=\/wp\/v2\/posts"}],"about":[{"href":"https:\/\/infonews.az\/index.php?rest_route=\/wp\/v2\/types\/post"}],"author":[{"embeddable":true,"href":"https:\/\/infonews.az\/index.php?rest_route=\/wp\/v2\/users\/14"}],"replies":[{"embeddable":true,"href":"https:\/\/infonews.az\/index.php?rest_route=%2Fwp%2Fv2%2Fcomments&post=43422"}],"version-history":[{"count":1,"href":"https:\/\/infonews.az\/index.php?rest_route=\/wp\/v2\/posts\/43422\/revisions"}],"predecessor-version":[{"id":43424,"href":"https:\/\/infonews.az\/index.php?rest_route=\/wp\/v2\/posts\/43422\/revisions\/43424"}],"wp:featuredmedia":[{"embeddable":true,"href":"https:\/\/infonews.az\/index.php?rest_route=\/wp\/v2\/media\/43423"}],"wp:attachment":[{"href":"https:\/\/infonews.az\/index.php?rest_route=%2Fwp%2Fv2%2Fmedia&parent=43422"}],"wp:term":[{"taxonomy":"category","embeddable":true,"href":"https:\/\/infonews.az\/index.php?rest_route=%2Fwp%2Fv2%2Fcategories&post=43422"},{"taxonomy":"post_tag","embeddable":true,"href":"https:\/\/infonews.az\/index.php?rest_route=%2Fwp%2Fv2%2Ftags&post=43422"}],"curies":[{"name":"wp","href":"https:\/\/api.w.org\/{rel}","templated":true}]}}