{"id":43425,"date":"2024-04-22T13:09:36","date_gmt":"2024-04-22T09:09:36","guid":{"rendered":"https:\/\/infonews.az\/?p=43425"},"modified":"2024-04-22T13:25:59","modified_gmt":"2024-04-22T09:25:59","slug":"sankt-peterburqda-heyd%c9%99r-eliyev-h%c9%99yatinin-100-ani-kitabinin-t%c9%99qdimati-olacaq","status":"publish","type":"post","link":"https:\/\/infonews.az\/?p=43425","title":{"rendered":"Sankt-Peterburqda \u201cHeyd\u0259r \u018fliyev. H\u0259yat\u0131n\u0131n 100 an\u0131\u201d kitab\u0131n\u0131n t\u0259qdimat\u0131 olacaq"},"content":{"rendered":"<p class=\"entry-title\"><span style=\"color: #ffffff;\">Sankt-Peterburqda \u201cHeyd\u0259r \u018fliyev. H\u0259yat\u0131n\u0131n 100 an\u0131\u201d kitab\u0131n\u0131n t\u0259qdimat\u0131 olacaq<\/span><\/p>\n<blockquote><p>Aprelin 23-d\u0259 Rusiya Milli Kitabxanas\u0131n\u0131n yeni binas\u0131nda \u201cHeyd\u0259r \u018fliyev. H\u0259yat\u0131n\u0131n 100 an\u0131\u201d kitab\u0131n\u0131n rus dilind\u0259 n\u0259\u015frinin t\u0259qdimat\u0131 olacaq.<\/p><\/blockquote>\n<p><a href=\"https:\/\/infonews.az\/?p=43425\"><span style=\"color: #333399;\"><strong>&#8220;\u0130NFONEWS&#8221;<\/strong> <\/span><\/a>AZ\u018fRTAC -a istinad\u0259n x\u0259b\u0259r verir ki, kitab haqq\u0131nda onun m\u00fc\u0259llifi, \u201cAz\u0259rbaycan\u0131m\u201d beyn\u0259lxalq jurnal\u0131n\u0131n ba\u015f redaktoru, Beyn\u0259lxalq Elml\u0259r Akademiyas\u0131n\u0131n m\u00fcxbir \u00fczv\u00fc Emil N\u0259sirli m\u0259lumat ver\u0259c\u0259k. Kitab Az\u0259rbaycan xalq\u0131n\u0131n \u00dcmummilli Liderinin anadan olmas\u0131n\u0131n 100 illiyin\u0259 h\u0259sr olunmu\u015f \u201cUlu \u00d6nd\u0259r Heyd\u0259r \u018fliyevin irsinin t\u0259bli\u011fi\u201d beyn\u0259lxalq layih\u0259si \u00e7\u0259r\u00e7iv\u0259sind\u0259 i\u015f\u0131q \u00fcz\u00fc g\u00f6r\u00fcb.<\/p>\n<p>Kitabda Ulu \u00d6nd\u0259rin h\u0259yat v\u0259 f\u0259aliyy\u0259tinin \u0259n \u0259lam\u0259tdar m\u0259qamlar\u0131 \u00f6z \u0259ksini tap\u0131b, oxuculara ail\u0259 arxivind\u0259n foto\u015f\u0259kill\u0259r, d\u00fcnya liderl\u0259ri il\u0259 g\u00f6r\u00fc\u015fl\u0259r, elmi-publisistik materiallar t\u0259qdim olunub.<\/p>\n<p>Qonaqlar\u0131n qar\u015f\u0131s\u0131nda Az\u0259rbaycan\u0131n yarad\u0131c\u0131 qruplar\u0131 da \u00e7\u0131x\u0131\u015f ed\u0259c\u0259kl\u0259r. T\u0259dbir \u201cSankt-Peterburqda Az\u0259rbaycan Dostluq v\u0259 \u018fm\u0259kda\u015fl\u0131q C\u0259miyy\u0259ti\u201d R\u0130T v\u0259 \u201cLeninqrad Vilay\u0259ti Az\u0259rbaycan Milli-M\u0259d\u0259ni Muxtariyy\u0259ti\u201d R\u0130T-in t\u0259\u015f\u0259bb\u00fcs\u00fc il\u0259 ke\u00e7irilir.<\/p>\n<p>T\u0259qdimat \u00e7\u0259r\u00e7iv\u0259sind\u0259 eyniadl\u0131 s\u0259rginin a\u00e7\u0131l\u0131\u015f\u0131 da olacaq. O, \u00dcmummilli Lider Heyd\u0259r \u018fliyevin ke\u00e7diyi h\u0259yat yolundan, y\u00fcr\u00fctd\u00fcy\u00fc daxili v\u0259 xarici siyas\u0259td\u0259n, d\u00f6vl\u0259t\u00e7iliyin formala\u015fmas\u0131nda h\u0259lledici rolundan, milli inki\u015faf strategiyas\u0131n\u0131n h\u0259yata ke\u00e7irilm\u0259sind\u0259n b\u0259hs ed\u0259c\u0259k. S\u0259rgi Rusiya Milli Kitabxanas\u0131n\u0131n Milli \u0259d\u0259biyyatlar \u015f\u00f6b\u0259si t\u0259r\u0259find\u0259n haz\u0131rlan\u0131b.<\/p>\n<p>\u201cHeyd\u0259r \u018fliyev. H\u0259yat\u0131n\u0131n 100 an\u0131\u201d n\u0259\u015frinin ilk t\u0259qdimat\u0131 \u00f6t\u0259n ilin may\u0131nda Bak\u0131da, daha sonra T\u00fcrkiy\u0259, Q\u0131r\u011f\u0131z\u0131stan, Belarus v\u0259 dig\u0259r \u00f6lk\u0259l\u0259rd\u0259 ke\u00e7irilib. Kitab ingilis, rus v\u0259 rum\u0131n dill\u0259rin\u0259 t\u0259rc\u00fcm\u0259 olunub.<\/p>\n<p><em><strong>F\u0259rid\u0259 Abdullayeva<\/strong><\/em><\/p>\n<p><em><strong><a class=\"azertac-link\" href=\"https:\/\/azertag.az\/\" target=\"_blank\" rel=\"noopener\">AZ\u018fRTAC<\/a>-\u0131n x\u00fcsusi m\u00fcxbiri<\/strong><\/em><\/p>\n<p><em><strong>Sankt-Peterburq<\/strong><\/em><\/p>\n","protected":false},"excerpt":{"rendered":"<p>Sankt-Peterburqda \u201cHeyd\u0259r \u018fliyev. H\u0259yat\u0131n\u0131n 100 an\u0131\u201d kitab\u0131n\u0131n t\u0259qdimat\u0131 olacaq Aprelin 23-d\u0259 Rusiya Milli Kitabxanas\u0131n\u0131n yeni binas\u0131nda \u201cHeyd\u0259r \u018fliyev. H\u0259yat\u0131n\u0131n 100 an\u0131\u201d kitab\u0131n\u0131n rus dilind\u0259 n\u0259\u015frinin t\u0259qdimat\u0131 olacaq. &#8220;\u0130NFONEWS&#8221; AZ\u018fRTAC -a&hellip; <\/p>\n","protected":false},"author":14,"featured_media":43426,"comment_status":"open","ping_status":"open","sticky":false,"template":"","format":"standard","meta":{"_mi_skip_tracking":false,"_monsterinsights_sitenote_active":false,"_monsterinsights_sitenote_note":"","_monsterinsights_sitenote_category":0,"footnotes":""},"categories":[10,11,10171],"tags":[9966,8569,15,254],"aioseo_notices":[],"_links":{"self":[{"href":"https:\/\/infonews.az\/index.php?rest_route=\/wp\/v2\/posts\/43425"}],"collection":[{"href":"https:\/\/infonews.az\/index.php?rest_route=\/wp\/v2\/posts"}],"about":[{"href":"https:\/\/infonews.az\/index.php?rest_route=\/wp\/v2\/types\/post"}],"author":[{"embeddable":true,"href":"https:\/\/infonews.az\/index.php?rest_route=\/wp\/v2\/users\/14"}],"replies":[{"embeddable":true,"href":"https:\/\/infonews.az\/index.php?rest_route=%2Fwp%2Fv2%2Fcomments&post=43425"}],"version-history":[{"count":1,"href":"https:\/\/infonews.az\/index.php?rest_route=\/wp\/v2\/posts\/43425\/revisions"}],"predecessor-version":[{"id":43427,"href":"https:\/\/infonews.az\/index.php?rest_route=\/wp\/v2\/posts\/43425\/revisions\/43427"}],"wp:featuredmedia":[{"embeddable":true,"href":"https:\/\/infonews.az\/index.php?rest_route=\/wp\/v2\/media\/43426"}],"wp:attachment":[{"href":"https:\/\/infonews.az\/index.php?rest_route=%2Fwp%2Fv2%2Fmedia&parent=43425"}],"wp:term":[{"taxonomy":"category","embeddable":true,"href":"https:\/\/infonews.az\/index.php?rest_route=%2Fwp%2Fv2%2Fcategories&post=43425"},{"taxonomy":"post_tag","embeddable":true,"href":"https:\/\/infonews.az\/index.php?rest_route=%2Fwp%2Fv2%2Ftags&post=43425"}],"curies":[{"name":"wp","href":"https:\/\/api.w.org\/{rel}","templated":true}]}}