{"id":43495,"date":"2024-04-25T16:07:23","date_gmt":"2024-04-25T12:07:23","guid":{"rendered":"https:\/\/infonews.az\/?p=43495"},"modified":"2024-04-25T16:07:23","modified_gmt":"2024-04-25T12:07:23","slug":"az%c9%99rbaycan-v%c9%99-qirgizistan-prezidentl%c9%99ri-fuzuli-s%c9%99h%c9%99rinin-dagidilmis-yerl%c9%99rin%c9%99-baxib-bas-planla-tanis-olublar","status":"publish","type":"post","link":"https:\/\/infonews.az\/?p=43495","title":{"rendered":"Az\u0259rbaycan v\u0259 Q\u0131r\u011f\u0131z\u0131stan prezidentl\u0259ri F\u00fczuli \u015f\u0259h\u0259rinin da\u011f\u0131d\u0131lm\u0131\u015f yerl\u0259rin\u0259 bax\u0131b, Ba\u015f planla tan\u0131\u015f olublar"},"content":{"rendered":"<blockquote><p>Aprelin 25-d\u0259 Az\u0259rbaycan Respublikas\u0131n\u0131n Prezidenti \u0130lham \u018fliyev v\u0259 Q\u0131r\u011f\u0131z Respublikas\u0131n\u0131n Prezidenti Sad\u0131r Japarov F\u00fczuli \u015f\u0259h\u0259rinin da\u011f\u0131d\u0131lm\u0131\u015f yerl\u0259rin\u0259 bax\u0131b v\u0259 \u015f\u0259h\u0259rin Ba\u015f plan\u0131 il\u0259 tan\u0131\u015f olublar.<\/p><\/blockquote>\n<p><strong><a href=\"https:\/\/infonews.az\/?p=43470\">\u201c\u0130NFONEWS\u201d<\/a><\/strong>\u00a0x\u0259b\u0259r verir ki, A\u011fdam, F\u00fczuli v\u0259 Xocav\u0259nd rayonlar\u0131nda Az\u0259rbaycan Respublikas\u0131 Prezidentinin x\u00fcsusi n\u00fcmay\u0259nd\u0259si Emin H\u00fcseynov Q\u0131r\u011f\u0131z\u0131stan Prezidenti Sad\u0131r Japarova i\u015f\u011fal\u00e7\u0131 Erm\u0259nistan\u0131n 30 il \u0259rzind\u0259 F\u00fczuli rayonunun \u0259razisind\u0259 t\u00f6r\u0259tdiyi da\u011f\u0131nt\u0131lar, vandalizm aktlar\u0131 bar\u0259d\u0259 m\u0259lumat verdi. Qeyd edildi ki, in\u015fa olunacaq F\u00fczuli Memorial Kompleksind\u0259 da\u011f\u0131d\u0131lm\u0131\u015f binalar\u0131n xarabal\u0131qlar\u0131 oldu\u011fu kimi qorunub saxlan\u0131lacaq. Kompleksd\u0259 \u0130\u015f\u011fal v\u0259 Z\u0259f\u0259r muzeyl\u0259ri yarad\u0131lacaq.<\/p>\n<p>&nbsp;<\/p>\n<p>Sonda d\u00f6vl\u0259t ba\u015f\u00e7\u0131lar\u0131na F\u00fczulinin Ba\u015f plan\u0131na uy\u011fun olaraq h\u0259yata ke\u00e7iril\u0259n v\u0259 g\u00f6r\u00fcl\u0259c\u0259k i\u015fl\u0259r bar\u0259d\u0259 m\u0259lumat verildi.<\/p>\n<p>Bildirildi ki, Ba\u015f planda 2040-c\u0131 il\u0259d\u0259k F\u00fczuli \u015f\u0259h\u0259rinin inzibati \u0259razisinin 1943 hektara, \u0259halisinin 50 min n\u0259f\u0259r\u0259 \u00e7atd\u0131r\u0131lmas\u0131 n\u0259z\u0259rd\u0259 tutulur. M\u00fcasir standartlara v\u0259 memarl\u0131q x\u00fcsusiyy\u0259tl\u0259rin\u0259 uy\u011fun in\u015fa edil\u0259c\u0259k F\u00fczuli i\u015f\u011faldan azad edilmi\u015f \u0259razil\u0259rd\u0259 \u0259n b\u00f6y\u00fck \u015f\u0259h\u0259rl\u0259rd\u0259n biri olacaq. F\u00fczuli \u015f\u0259h\u0259rinin dayan\u0131ql\u0131 inki\u015faf\u0131na, sakinl\u0259rin v\u0259 sahibkarlar\u0131n rifah\u0131na t\u00f6hf\u0259 ver\u0259c\u0259k r\u0259q\u0259msal h\u0259ll\u0259rd\u0259n istifad\u0259 etm\u0259kl\u0259, \u0259n\u0259n\u0259vi \u015f\u0259b\u0259k\u0259 v\u0259 xidm\u0259tl\u0259rin daha s\u0259m\u0259r\u0259li olmas\u0131n\u0131n t\u0259min edilm\u0259si m\u0259qs\u0259dil\u0259 haz\u0131rlanm\u0131\u015f \u201ca\u011f\u0131ll\u0131 \u015f\u0259h\u0259r\u201d konsepsiyas\u0131 ir\u0259li s\u00fcr\u00fcl\u00fcb. \u015e\u0259h\u0259rd\u0259 rahat v\u0259 m\u00fcasir h\u0259yat \u015f\u0259raitinin t\u0259min edilm\u0259si \u00fc\u00e7\u00fcn orta v\u0259 azm\u0259rt\u0259b\u0259li ya\u015fay\u0131\u015f binalar\u0131, h\u0259y\u0259tyan\u0131 torpaq sah\u0259l\u0259ri olan f\u0259rdi evl\u0259r in\u015fa edil\u0259c\u0259k, t\u0259hsil, s\u0259hiyy\u0259, m\u0259d\u0259niyy\u0259t, istehsalat m\u00fc\u0259ssis\u0259l\u0259ri, rekreasiya v\u0259 dig\u0259r t\u0259yinatl\u0131 zonalar yarad\u0131lacaq. Burada \u015f\u0259h\u0259rsalman\u0131n b\u00fct\u00fcn m\u00fcasir t\u0259l\u0259bl\u0259rin\u0259 cavab ver\u0259c\u0259k \u00fc\u00e7 ya\u015fay\u0131\u015f kompleksi in\u015fa olunur. Kompleksl\u0259rd\u0259 \u00fcmumilikd\u0259 2462 m\u0259nzil olacaq. Ba\u015f plana \u0259sas\u0259n, t\u0259xmin\u0259n 22,5 hektar \u0259razid\u0259 M\u0259rk\u0259zi park yarad\u0131lacaq. Parkda istirah\u0259t zonalar\u0131, botanika ba\u011f\u0131, s\u0131x me\u015f\u0259 zonas\u0131, piknik v\u0259 idman meydan\u00e7alar\u0131, \u201cPoeziya\u201d meydan\u0131, amfiteatr, kafe-restoranlar v\u0259 s. f\u0259aliyy\u0259t g\u00f6st\u0259r\u0259c\u0259k. Burada m\u00fcayin\u0259 v\u0259 m\u00fcalic\u0259nin y\u00fcks\u0259k s\u0259viyy\u0259d\u0259 apar\u0131lmas\u0131 \u00fc\u00e7\u00fcn \u0259n m\u00fcasir tibbi avadanl\u0131qla t\u0259chiz edil\u0259c\u0259k 180 \u00e7arpay\u0131l\u0131q F\u00fczuli Rayon M\u0259rk\u0259zi X\u0259st\u0259xanas\u0131 in\u015fa olunacaq.<\/p>\n<p>Vur\u011fuland\u0131 ki, \u00f6t\u0259n ilin avqustunda F\u00fczuli \u015f\u0259h\u0259rind\u0259 \u00d6zb\u0259kistan\u0131n h\u0259diyy\u0259si olan 960 \u015fagird yerlik Mirz\u0259 Uluqb\u0259y ad\u0131na m\u0259kt\u0259bin, bu ilin mart\u0131nda Kurmanqaz\u0131 ad\u0131na U\u015faq Yarad\u0131c\u0131l\u0131q M\u0259rk\u0259zinin istifad\u0259y\u0259 verilm\u0259si, el\u0259c\u0259 d\u0259 Prezident Sad\u0131r Japarovun t\u0259\u015f\u0259bb\u00fcs\u00fc il\u0259 A\u011fdam rayonunda Q\u0131r\u011f\u0131z\u0131stan t\u0259r\u0259find\u0259n tikil\u0259c\u0259k orta m\u0259kt\u0259bin t\u0259m\u0259linin qoyulmas\u0131 \u00f6lk\u0259l\u0259rimizin v\u0259 xalqlar\u0131m\u0131z\u0131n dostlu\u011funun, qarda\u015fl\u0131\u011f\u0131n\u0131n sars\u0131lmazl\u0131\u011f\u0131n\u0131n parlaq n\u00fcmun\u0259l\u0259ridir.<\/p>\n<p>H\u0259m\u00e7inin bildirildi ki, 2021-ci ilin oktyabr\u0131nda t\u0259m\u0259li qoyulan v\u0259 in\u015fas\u0131 s\u00fcr\u0259tl\u0259 davam ed\u0259n A\u011fdam-F\u00fczuli avtomobil yolu Qaraba\u011f iqtisadi rayonu \u0259razisind\u0259 icra olunan, i\u015f\u011faldan azad edilmi\u015f rayon v\u0259 k\u0259ndl\u0259rin sosial-iqtisadi inki\u015faf\u0131nda m\u00fch\u00fcm rol oynayacaq layih\u0259l\u0259rd\u0259n biri say\u0131l\u0131r. B\u0259rd\u0259-A\u011fdam avtomobil magistral\u0131n\u0131n davam\u0131 olan bu yolun uzunlu\u011fu 64,8 kilometrdir.<\/p>\n","protected":false},"excerpt":{"rendered":"<p>Aprelin 25-d\u0259 Az\u0259rbaycan Respublikas\u0131n\u0131n Prezidenti \u0130lham \u018fliyev v\u0259 Q\u0131r\u011f\u0131z Respublikas\u0131n\u0131n Prezidenti Sad\u0131r Japarov F\u00fczuli \u015f\u0259h\u0259rinin da\u011f\u0131d\u0131lm\u0131\u015f yerl\u0259rin\u0259 bax\u0131b v\u0259 \u015f\u0259h\u0259rin Ba\u015f plan\u0131 il\u0259 tan\u0131\u015f olublar. \u201c\u0130NFONEWS\u201d\u00a0x\u0259b\u0259r verir ki, A\u011fdam, F\u00fczuli&hellip; <\/p>\n","protected":false},"author":30,"featured_media":43496,"comment_status":"open","ping_status":"open","sticky":false,"template":"","format":"standard","meta":{"_mi_skip_tracking":false,"_monsterinsights_sitenote_active":false,"_monsterinsights_sitenote_note":"","_monsterinsights_sitenote_category":0,"footnotes":""},"categories":[11],"tags":[13437,744,20,139,448,468],"aioseo_notices":[],"_links":{"self":[{"href":"https:\/\/infonews.az\/index.php?rest_route=\/wp\/v2\/posts\/43495"}],"collection":[{"href":"https:\/\/infonews.az\/index.php?rest_route=\/wp\/v2\/posts"}],"about":[{"href":"https:\/\/infonews.az\/index.php?rest_route=\/wp\/v2\/types\/post"}],"author":[{"embeddable":true,"href":"https:\/\/infonews.az\/index.php?rest_route=\/wp\/v2\/users\/30"}],"replies":[{"embeddable":true,"href":"https:\/\/infonews.az\/index.php?rest_route=%2Fwp%2Fv2%2Fcomments&post=43495"}],"version-history":[{"count":1,"href":"https:\/\/infonews.az\/index.php?rest_route=\/wp\/v2\/posts\/43495\/revisions"}],"predecessor-version":[{"id":43497,"href":"https:\/\/infonews.az\/index.php?rest_route=\/wp\/v2\/posts\/43495\/revisions\/43497"}],"wp:featuredmedia":[{"embeddable":true,"href":"https:\/\/infonews.az\/index.php?rest_route=\/wp\/v2\/media\/43496"}],"wp:attachment":[{"href":"https:\/\/infonews.az\/index.php?rest_route=%2Fwp%2Fv2%2Fmedia&parent=43495"}],"wp:term":[{"taxonomy":"category","embeddable":true,"href":"https:\/\/infonews.az\/index.php?rest_route=%2Fwp%2Fv2%2Fcategories&post=43495"},{"taxonomy":"post_tag","embeddable":true,"href":"https:\/\/infonews.az\/index.php?rest_route=%2Fwp%2Fv2%2Ftags&post=43495"}],"curies":[{"name":"wp","href":"https:\/\/api.w.org\/{rel}","templated":true}]}}