{"id":43501,"date":"2024-04-26T15:15:16","date_gmt":"2024-04-26T11:15:16","guid":{"rendered":"https:\/\/infonews.az\/?p=43501"},"modified":"2024-04-26T15:15:16","modified_gmt":"2024-04-26T11:15:16","slug":"ilham-eliyev-son-mudd%c9%99t-almaniya-az%c9%99rbaycan-%c9%99laq%c9%99l%c9%99ri-sur%c9%99tli-inkisaf-dovrunu-yasayir","status":"publish","type":"post","link":"https:\/\/infonews.az\/?p=43501","title":{"rendered":"\u0130lham \u018fliyev: Son m\u00fcdd\u0259t Almaniya-Az\u0259rbaycan \u0259laq\u0259l\u0259ri s\u00fcr\u0259tli inki\u015faf d\u00f6vr\u00fcn\u00fc ya\u015fay\u0131r"},"content":{"rendered":"<blockquote><p>Son vaxtlar m\u0259nim Almaniyaya s\u0259f\u0259rl\u0259rim m\u00fcnt\u0259z\u0259m xarakter al\u0131b. Dey\u0259 bil\u0259r\u0259m ki, son m\u00fcdd\u0259t \u0259rzind\u0259 Almaniya-Az\u0259rbaycan \u0259laq\u0259l\u0259ri s\u00fcr\u0259tli inki\u015faf d\u00f6vr\u00fcn\u00fc ya\u015fay\u0131r.<\/p><\/blockquote>\n<p><a href=\"https:\/\/infonews.az\/\"><strong>\u201c\u0130NFONEWS\u201d<\/strong>\u00a0<\/a>x\u0259b\u0259r verir ki, bu fikri Az\u0259rbaycan Prezidenti \u0130lham \u018fliyev aprelin 26-da Berlind\u0259 Almaniyan\u0131n Kansleri Olaf \u015eolts il\u0259 birg\u0259 m\u0259tbuat konfrans\u0131nda deyib.<\/p>\n<p>Ke\u00e7\u0259n ilin mart\u0131nda Berlind\u0259, iki ay \u0259vv\u0259l M\u00fcnxend\u0259 Kansler il\u0259 g\u00f6r\u00fc\u015fd\u00fcy\u00fcn\u00fc xat\u0131rladan d\u00f6vl\u0259timizin ba\u015f\u00e7\u0131s\u0131 bildirib: \u201c\u0130kit\u0259r\u0259fli g\u00fcnd\u0259lik kifay\u0259t q\u0259d\u0259r geni\u015fdir. Almaniya-Az\u0259rbaycan \u0259laq\u0259l\u0259rinin inki\u015faf\u0131 h\u0259m \u00f6lk\u0259l\u0259rimiz \u00fc\u00e7\u00fcn, h\u0259m d\u0259 b\u00fct\u00f6vl\u00fckd\u0259 C\u0259nubi Qafqaz\u0131n inki\u015faf\u0131 v\u0259 sabitliyi \u00fc\u00e7\u00fcn \u00e7ox b\u00f6y\u00fck \u0259h\u0259miyy\u0259t k\u0259sb edir\u201d.<\/p>\n","protected":false},"excerpt":{"rendered":"<p>Son vaxtlar m\u0259nim Almaniyaya s\u0259f\u0259rl\u0259rim m\u00fcnt\u0259z\u0259m xarakter al\u0131b. Dey\u0259 bil\u0259r\u0259m ki, son m\u00fcdd\u0259t \u0259rzind\u0259 Almaniya-Az\u0259rbaycan \u0259laq\u0259l\u0259ri s\u00fcr\u0259tli inki\u015faf d\u00f6vr\u00fcn\u00fc ya\u015fay\u0131r. \u201c\u0130NFONEWS\u201d\u00a0x\u0259b\u0259r verir ki, bu fikri Az\u0259rbaycan Prezidenti \u0130lham \u018fliyev aprelin&hellip; <\/p>\n","protected":false},"author":30,"featured_media":43502,"comment_status":"open","ping_status":"open","sticky":false,"template":"","format":"standard","meta":{"_mi_skip_tracking":false,"_monsterinsights_sitenote_active":false,"_monsterinsights_sitenote_note":"","_monsterinsights_sitenote_category":0,"footnotes":""},"categories":[11],"tags":[123,4520,20,12132,139],"aioseo_notices":[],"_links":{"self":[{"href":"https:\/\/infonews.az\/index.php?rest_route=\/wp\/v2\/posts\/43501"}],"collection":[{"href":"https:\/\/infonews.az\/index.php?rest_route=\/wp\/v2\/posts"}],"about":[{"href":"https:\/\/infonews.az\/index.php?rest_route=\/wp\/v2\/types\/post"}],"author":[{"embeddable":true,"href":"https:\/\/infonews.az\/index.php?rest_route=\/wp\/v2\/users\/30"}],"replies":[{"embeddable":true,"href":"https:\/\/infonews.az\/index.php?rest_route=%2Fwp%2Fv2%2Fcomments&post=43501"}],"version-history":[{"count":1,"href":"https:\/\/infonews.az\/index.php?rest_route=\/wp\/v2\/posts\/43501\/revisions"}],"predecessor-version":[{"id":43503,"href":"https:\/\/infonews.az\/index.php?rest_route=\/wp\/v2\/posts\/43501\/revisions\/43503"}],"wp:featuredmedia":[{"embeddable":true,"href":"https:\/\/infonews.az\/index.php?rest_route=\/wp\/v2\/media\/43502"}],"wp:attachment":[{"href":"https:\/\/infonews.az\/index.php?rest_route=%2Fwp%2Fv2%2Fmedia&parent=43501"}],"wp:term":[{"taxonomy":"category","embeddable":true,"href":"https:\/\/infonews.az\/index.php?rest_route=%2Fwp%2Fv2%2Fcategories&post=43501"},{"taxonomy":"post_tag","embeddable":true,"href":"https:\/\/infonews.az\/index.php?rest_route=%2Fwp%2Fv2%2Ftags&post=43501"}],"curies":[{"name":"wp","href":"https:\/\/api.w.org\/{rel}","templated":true}]}}