{"id":43504,"date":"2024-04-26T15:18:13","date_gmt":"2024-04-26T11:18:13","guid":{"rendered":"https:\/\/infonews.az\/?p=43504"},"modified":"2024-04-26T15:18:13","modified_gmt":"2024-04-26T11:18:13","slug":"az%c9%99rbaycan-lideri-sulh%c9%99-nail-olmaq-ucun-cox-yaxsi-furs%c9%99tl%c9%99r-var","status":"publish","type":"post","link":"https:\/\/infonews.az\/?p=43504","title":{"rendered":"Az\u0259rbaycan lideri: S\u00fclh\u0259 nail olmaq \u00fc\u00e7\u00fcn \u00e7ox yax\u015f\u0131 f\u00fcrs\u0259tl\u0259r var"},"content":{"rendered":"<blockquote><p>Erm\u0259nistanla Az\u0259rbaycan aras\u0131nda ged\u0259n proses n\u0259tic\u0259sind\u0259 s\u0259rh\u0259dl\u0259rin delimitasiyas\u0131, h\u0259tta demarkasiyas\u0131 da ba\u015flam\u0131\u015fd\u0131r. 1990-c\u0131 v\u0259 1992-ci ill\u0259rd\u0259 i\u015f\u011fal edilmi\u015f 4 Az\u0259rbaycan k\u0259ndi biz\u0259 qaytar\u0131l\u0131b.<\/p><\/blockquote>\n<p><a href=\"https:\/\/infonews.az\/\"><strong>\u201c\u0130NFONEWS\u201d<\/strong> <\/a>x\u0259b\u0259r verir ki, bu s\u00f6zl\u0259ri Az\u0259rbaycan Prezidenti \u0130lham \u018fliyev aprelin 26-da Berlind\u0259 Almaniyan\u0131n Kansleri Olaf \u015eolts il\u0259 birg\u0259 m\u0259tbuat konfrans\u0131nda s\u00f6yl\u0259yib.<\/p>\n<p>Az\u0259rbaycanda yerl\u0259\u015fmi\u015f Rusiya-T\u00fcrkiy\u0259 Birg\u0259 Monitorinq M\u0259rk\u0259zinin bu g\u00fcn s\u0259h\u0259r f\u0259aliyy\u0259tini dayand\u0131rd\u0131\u011f\u0131n\u0131 vur\u011fulayan d\u00f6vl\u0259timizin ba\u015f\u00e7\u0131s\u0131 qeyd edib: \u201cY\u0259ni, s\u00fclh\u0259 nail olmaq \u00fc\u00e7\u00fcn \u00e7ox yax\u015f\u0131 f\u00fcrs\u0259tl\u0259r var. B\u00fct\u00fcn bu i\u015fd\u0259 biz\u0259 k\u00f6m\u0259k etm\u0259k ist\u0259y\u0259n \u00f6lk\u0259l\u0259rl\u0259 \u0259m\u0259kda\u015fl\u0131q etm\u0259y\u0259 haz\u0131r\u0131q\u201d.<\/p>\n","protected":false},"excerpt":{"rendered":"<p>Erm\u0259nistanla Az\u0259rbaycan aras\u0131nda ged\u0259n proses n\u0259tic\u0259sind\u0259 s\u0259rh\u0259dl\u0259rin delimitasiyas\u0131, h\u0259tta demarkasiyas\u0131 da ba\u015flam\u0131\u015fd\u0131r. 1990-c\u0131 v\u0259 1992-ci ill\u0259rd\u0259 i\u015f\u011fal edilmi\u015f 4 Az\u0259rbaycan k\u0259ndi biz\u0259 qaytar\u0131l\u0131b. \u201c\u0130NFONEWS\u201d x\u0259b\u0259r verir ki, bu s\u00f6zl\u0259ri Az\u0259rbaycan&hellip; <\/p>\n","protected":false},"author":30,"featured_media":43505,"comment_status":"open","ping_status":"open","sticky":false,"template":"","format":"standard","meta":{"_mi_skip_tracking":false,"_monsterinsights_sitenote_active":false,"_monsterinsights_sitenote_note":"","_monsterinsights_sitenote_category":0,"footnotes":""},"categories":[11,10171],"tags":[6857,123,13,70,1532,12132],"aioseo_notices":[],"_links":{"self":[{"href":"https:\/\/infonews.az\/index.php?rest_route=\/wp\/v2\/posts\/43504"}],"collection":[{"href":"https:\/\/infonews.az\/index.php?rest_route=\/wp\/v2\/posts"}],"about":[{"href":"https:\/\/infonews.az\/index.php?rest_route=\/wp\/v2\/types\/post"}],"author":[{"embeddable":true,"href":"https:\/\/infonews.az\/index.php?rest_route=\/wp\/v2\/users\/30"}],"replies":[{"embeddable":true,"href":"https:\/\/infonews.az\/index.php?rest_route=%2Fwp%2Fv2%2Fcomments&post=43504"}],"version-history":[{"count":1,"href":"https:\/\/infonews.az\/index.php?rest_route=\/wp\/v2\/posts\/43504\/revisions"}],"predecessor-version":[{"id":43508,"href":"https:\/\/infonews.az\/index.php?rest_route=\/wp\/v2\/posts\/43504\/revisions\/43508"}],"wp:featuredmedia":[{"embeddable":true,"href":"https:\/\/infonews.az\/index.php?rest_route=\/wp\/v2\/media\/43505"}],"wp:attachment":[{"href":"https:\/\/infonews.az\/index.php?rest_route=%2Fwp%2Fv2%2Fmedia&parent=43504"}],"wp:term":[{"taxonomy":"category","embeddable":true,"href":"https:\/\/infonews.az\/index.php?rest_route=%2Fwp%2Fv2%2Fcategories&post=43504"},{"taxonomy":"post_tag","embeddable":true,"href":"https:\/\/infonews.az\/index.php?rest_route=%2Fwp%2Fv2%2Ftags&post=43504"}],"curies":[{"name":"wp","href":"https:\/\/api.w.org\/{rel}","templated":true}]}}