{"id":43528,"date":"2024-04-26T15:59:45","date_gmt":"2024-04-26T11:59:45","guid":{"rendered":"https:\/\/infonews.az\/?p=43528"},"modified":"2024-04-26T15:59:45","modified_gmt":"2024-04-26T11:59:45","slug":"berlind%c9%99-diaspor-f%c9%99allari-az%c9%99rbaycana-h%c9%99mr%c9%99ylik-numayis-etdiribl%c9%99r","status":"publish","type":"post","link":"https:\/\/infonews.az\/?p=43528","title":{"rendered":"Berlind\u0259 diaspor f\u0259allar\u0131 Az\u0259rbaycana h\u0259mr\u0259ylik n\u00fcmayi\u015f etdiribl\u0259r"},"content":{"rendered":"<blockquote><p>Az\u0259rbaycan diaspor f\u0259allar\u0131 Berlind\u0259 Brandenburq qap\u0131s\u0131 qar\u015f\u0131s\u0131nda aksiya ke\u00e7iribl\u0259r.<\/p><\/blockquote>\n<p><a href=\"https:\/\/infonews.az\/\"><strong>\u201c\u0130NFONEWS\u201d<\/strong>\u00a0<\/a> &#8220;Report&#8221;-a istinad\u0259n x\u0259b\u0259r verir ki, aksiya i\u015ftirak\u00e7\u0131lar\u0131 Az\u0259rbaycana h\u0259mr\u0259ylik n\u00fcmayi\u015f etdiribl\u0259r.<\/p>\n<p>Aksiya i\u015ftirak\u00e7\u0131lar\u0131 alman v\u0259 ingilis dill\u0259rind\u0259 &#8220;Qaraba\u011f Az\u0259rbaycand\u0131r&#8221; \u015f\u00fcarlar\u0131 s\u0259sl\u0259ndiribl\u0259r. H\u0259m\u00e7inin aksiya \u00e7\u0259r\u00e7iv\u0259sind\u0259 Erm\u0259nistan\u0131n Az\u0259rbaycan torpaqlar\u0131n\u0131 30 il i\u015f\u011fal alt\u0131nda saxlamas\u0131 bar\u0259d\u0259 \u0259trafl\u0131 m\u0259lumat verilib.<\/p>\n<p>Qeyd ed\u0259k ki, bu g\u00fcn bundan \u0259vv\u0259l erm\u0259ni lobbisinin n\u00fcmay\u0259nd\u0259l\u0259ri Kansler Aparat\u0131n\u0131n qar\u015f\u0131s\u0131nda Az\u0259rbaycan Prezidenti \u0130lham \u018fliyevin Almaniya Kansleri Olaf \u015eoltsun d\u0259v\u0259ti il\u0259 Berlin\u0259 s\u0259f\u0259rin\u0259 etiraz olaraq aksiya ke\u00e7iribl\u0259r.<\/p>\n<p>Az\u0259rbaycan prezidentinin s\u0259f\u0259ri t\u0259kc\u0259 erm\u0259ni lobbisinin n\u00fcmay\u0259nd\u0259l\u0259rini deyil, onlarla eyni maraqlardan \u00e7\u0131x\u0131\u015f ed\u0259n, xarici q\u00fcvv\u0259l\u0259rin t\u0259siri alt\u0131nda f\u0259aliyy\u0259t g\u00f6st\u0259r\u0259n bir qrup az\u0259rbaycanl\u0131n\u0131 da narahat edib. Bel\u0259 ki, m\u0259lumatlara \u0259sas\u0259n, \u018ffqan Muxtarl\u0131 da etiraz aksiyas\u0131 ke\u00e7ir\u0259nl\u0259rin s\u0131ras\u0131na qo\u015fulub.<\/p>\n","protected":false},"excerpt":{"rendered":"<p>Az\u0259rbaycan diaspor f\u0259allar\u0131 Berlind\u0259 Brandenburq qap\u0131s\u0131 qar\u015f\u0131s\u0131nda aksiya ke\u00e7iribl\u0259r. \u201c\u0130NFONEWS\u201d\u00a0 &#8220;Report&#8221;-a istinad\u0259n x\u0259b\u0259r verir ki, aksiya i\u015ftirak\u00e7\u0131lar\u0131 Az\u0259rbaycana h\u0259mr\u0259ylik n\u00fcmayi\u015f etdiribl\u0259r. Aksiya i\u015ftirak\u00e7\u0131lar\u0131 alman v\u0259 ingilis dill\u0259rind\u0259 &#8220;Qaraba\u011f Az\u0259rbaycand\u0131r&#8221; \u015f\u00fcarlar\u0131&hellip; <\/p>\n","protected":false},"author":30,"featured_media":43529,"comment_status":"open","ping_status":"open","sticky":false,"template":"","format":"standard","meta":{"_mi_skip_tracking":false,"_monsterinsights_sitenote_active":false,"_monsterinsights_sitenote_note":"","_monsterinsights_sitenote_category":0,"footnotes":""},"categories":[11,10171],"tags":[13442,123,4520,1333],"aioseo_notices":[],"_links":{"self":[{"href":"https:\/\/infonews.az\/index.php?rest_route=\/wp\/v2\/posts\/43528"}],"collection":[{"href":"https:\/\/infonews.az\/index.php?rest_route=\/wp\/v2\/posts"}],"about":[{"href":"https:\/\/infonews.az\/index.php?rest_route=\/wp\/v2\/types\/post"}],"author":[{"embeddable":true,"href":"https:\/\/infonews.az\/index.php?rest_route=\/wp\/v2\/users\/30"}],"replies":[{"embeddable":true,"href":"https:\/\/infonews.az\/index.php?rest_route=%2Fwp%2Fv2%2Fcomments&post=43528"}],"version-history":[{"count":1,"href":"https:\/\/infonews.az\/index.php?rest_route=\/wp\/v2\/posts\/43528\/revisions"}],"predecessor-version":[{"id":43530,"href":"https:\/\/infonews.az\/index.php?rest_route=\/wp\/v2\/posts\/43528\/revisions\/43530"}],"wp:featuredmedia":[{"embeddable":true,"href":"https:\/\/infonews.az\/index.php?rest_route=\/wp\/v2\/media\/43529"}],"wp:attachment":[{"href":"https:\/\/infonews.az\/index.php?rest_route=%2Fwp%2Fv2%2Fmedia&parent=43528"}],"wp:term":[{"taxonomy":"category","embeddable":true,"href":"https:\/\/infonews.az\/index.php?rest_route=%2Fwp%2Fv2%2Fcategories&post=43528"},{"taxonomy":"post_tag","embeddable":true,"href":"https:\/\/infonews.az\/index.php?rest_route=%2Fwp%2Fv2%2Ftags&post=43528"}],"curies":[{"name":"wp","href":"https:\/\/api.w.org\/{rel}","templated":true}]}}