{"id":43581,"date":"2024-04-30T14:13:18","date_gmt":"2024-04-30T10:13:18","guid":{"rendered":"https:\/\/infonews.az\/?p=43581"},"modified":"2024-04-30T14:13:18","modified_gmt":"2024-04-30T10:13:18","slug":"fransa-s%c9%99firi-az%c9%99rbaycana-t%c9%99krar-dondu","status":"publish","type":"post","link":"https:\/\/infonews.az\/?p=43581","title":{"rendered":"Fransa s\u0259firi Az\u0259rbaycana t\u0259krar d\u00f6nd\u00fc"},"content":{"rendered":"<p><span style=\"color: #ffffff;\">Fransa s\u0259firi Az\u0259rbaycana\u00a0t\u0259krar d\u00f6nd\u00fc<\/span><\/p>\n<blockquote><p><strong>Fransa s\u0259firi Az\u0259rbaycana qay\u0131d\u0131b.<\/strong><\/p><\/blockquote>\n<p><strong><a href=\"https:\/\/infonews.az\/?p=43581\"><span style=\"color: #333399;\">&#8220;\u0130NFONEWS&#8221;<\/span><\/a><\/strong>\u00a0 &#8220;APA&#8221;-ya istinad\u0259n x\u0259b\u0259r verir.<\/p>\n<p>M\u0259lumata g\u00f6r\u0259, Fransa s\u0259firi Ann Buayon Az\u0259rbaycana qay\u0131d\u0131b v\u0259 diplomatik f\u0259aliyy\u0259tini davam etdirir.<\/p>\n<p>Xat\u0131rladaq ki, Fransan\u0131n Az\u0259rbaycandak\u0131 s\u0259firi Bak\u0131 v\u0259 Paris aras\u0131nda g\u0259rginl\u0259\u015f\u0259n m\u00fcnasib\u0259tl\u0259r fonunda m\u0259sl\u0259h\u0259tl\u0259\u015fm\u0259l\u0259r \u00fc\u00e7\u00fcn geri \u00e7a\u011f\u0131r\u0131lm\u0131\u015fd\u0131. Fransa X\u0130N-in yayd\u0131\u011f\u0131 b\u0259yanatda qeyd olunmu\u015fdu ki, xan\u0131m diplomat\u0131 Fransa Prezidenti Emmanuel Makron q\u0259bul edib.<\/p>\n","protected":false},"excerpt":{"rendered":"<p>Fransa s\u0259firi Az\u0259rbaycana\u00a0t\u0259krar d\u00f6nd\u00fc Fransa s\u0259firi Az\u0259rbaycana qay\u0131d\u0131b. &#8220;\u0130NFONEWS&#8221;\u00a0 &#8220;APA&#8221;-ya istinad\u0259n x\u0259b\u0259r verir. M\u0259lumata g\u00f6r\u0259, Fransa s\u0259firi Ann Buayon Az\u0259rbaycana qay\u0131d\u0131b v\u0259 diplomatik f\u0259aliyy\u0259tini davam etdirir. Xat\u0131rladaq ki, Fransan\u0131n Az\u0259rbaycandak\u0131&hellip; <\/p>\n","protected":false},"author":14,"featured_media":43582,"comment_status":"open","ping_status":"open","sticky":false,"template":"","format":"standard","meta":{"_mi_skip_tracking":false,"_monsterinsights_sitenote_active":false,"_monsterinsights_sitenote_note":"","_monsterinsights_sitenote_category":0,"footnotes":""},"categories":[6,11,10171],"tags":[9304,15],"aioseo_notices":[],"_links":{"self":[{"href":"https:\/\/infonews.az\/index.php?rest_route=\/wp\/v2\/posts\/43581"}],"collection":[{"href":"https:\/\/infonews.az\/index.php?rest_route=\/wp\/v2\/posts"}],"about":[{"href":"https:\/\/infonews.az\/index.php?rest_route=\/wp\/v2\/types\/post"}],"author":[{"embeddable":true,"href":"https:\/\/infonews.az\/index.php?rest_route=\/wp\/v2\/users\/14"}],"replies":[{"embeddable":true,"href":"https:\/\/infonews.az\/index.php?rest_route=%2Fwp%2Fv2%2Fcomments&post=43581"}],"version-history":[{"count":1,"href":"https:\/\/infonews.az\/index.php?rest_route=\/wp\/v2\/posts\/43581\/revisions"}],"predecessor-version":[{"id":43583,"href":"https:\/\/infonews.az\/index.php?rest_route=\/wp\/v2\/posts\/43581\/revisions\/43583"}],"wp:featuredmedia":[{"embeddable":true,"href":"https:\/\/infonews.az\/index.php?rest_route=\/wp\/v2\/media\/43582"}],"wp:attachment":[{"href":"https:\/\/infonews.az\/index.php?rest_route=%2Fwp%2Fv2%2Fmedia&parent=43581"}],"wp:term":[{"taxonomy":"category","embeddable":true,"href":"https:\/\/infonews.az\/index.php?rest_route=%2Fwp%2Fv2%2Fcategories&post=43581"},{"taxonomy":"post_tag","embeddable":true,"href":"https:\/\/infonews.az\/index.php?rest_route=%2Fwp%2Fv2%2Ftags&post=43581"}],"curies":[{"name":"wp","href":"https:\/\/api.w.org\/{rel}","templated":true}]}}