{"id":43584,"date":"2024-04-30T14:27:05","date_gmt":"2024-04-30T10:27:05","guid":{"rendered":"https:\/\/infonews.az\/?p=43584"},"modified":"2024-04-30T14:27:05","modified_gmt":"2024-04-30T10:27:05","slug":"unec-in-24-7-kitabxanasinin-yeni-layih%c9%99si-yasil-kitabxana","status":"publish","type":"post","link":"https:\/\/infonews.az\/?p=43584","title":{"rendered":"UNEC-in 24\/7 kitabxanas\u0131n\u0131n yeni layih\u0259si: \u201cYA\u015eIL K\u0130TABXANA\u201d"},"content":{"rendered":"<p><span style=\"color: #ffffff;\">UNEC-in 24\/7 kitabxanas\u0131n\u0131n yeni layih\u0259si: \u201cYA\u015eIL K\u0130TABXANA\u201d<\/span><\/p>\n<p><img loading=\"lazy\" decoding=\"async\" class=\"aligncenter wp-image-43585 size-medium\" src=\"https:\/\/infonews.az\/wp-content\/uploads\/2024\/04\/Green-Library-212x300.jpg\" alt=\"\" width=\"212\" height=\"300\" srcset=\"https:\/\/infonews.az\/wp-content\/uploads\/2024\/04\/Green-Library-212x300.jpg 212w, https:\/\/infonews.az\/wp-content\/uploads\/2024\/04\/Green-Library-724x1024.jpg 724w, https:\/\/infonews.az\/wp-content\/uploads\/2024\/04\/Green-Library-768x1086.jpg 768w, https:\/\/infonews.az\/wp-content\/uploads\/2024\/04\/Green-Library-1086x1536.jpg 1086w, https:\/\/infonews.az\/wp-content\/uploads\/2024\/04\/Green-Library.jpg 1414w\" sizes=\"(max-width: 212px) 100vw, 212px\" \/><\/p>\n<p><a href=\"https:\/\/infonews.az\/?p=43584\"><span style=\"color: #333399;\"><strong>&#8220;\u0130NFONEWS&#8221; <\/strong><\/span><\/a>Az\u0259rbaycan D\u00f6vl\u0259t \u0130qtisad Universitetinin sayt\u0131na istinad\u0259n x\u0259b\u0259r verir ki, <em><strong>\u201cYa\u015f\u0131l d\u00fcnya namin\u0259 h\u0259mr\u0259ylik ili\u201d v\u0259 \u201cYa\u015f\u0131l UNEC\u201d \u00e7\u0259r\u00e7iv\u0259sind\u0259 UNEC K\u0130M-in 24\/7 Kitabxanas\u0131 \u201cYa\u015f\u0131l kitabxana\u201d &#8211; layih\u0259sin\u0259 start verib.<\/strong><\/em><\/p>\n<p>\u201cYa\u015f\u0131l d\u00fcnya namin\u0259 h\u0259mr\u0259ylik ili\u201dnd\u0259 BMT-nin \u0130qlim D\u0259yi\u015fikliyi \u00fczr\u0259 \u00c7\u0259r\u00e7iv\u0259 Konvensiyas\u0131n\u0131n T\u0259r\u0259fl\u0259r Konfrans\u0131n\u0131n 29-cu sessiyas\u0131n\u0131n Az\u0259rbaycanda ke\u00e7irilm\u0259si \u00f6lk\u0259mizin beyn\u0259lxalq n\u00fcfuzunun g\u00fcnd\u0259n-g\u00fcn\u0259 artmas\u0131na, el\u0259c\u0259 d\u0259 v\u0259t\u0259nimiz\u0259 olan b\u00f6y\u00fck mara\u011f\u0131n, inam\u0131n y\u00fcks\u0259k g\u00f6st\u0259ricisin\u0259 bir i\u015far\u0259dir. H\u0259r birimizin bu istiqam\u0259td\u0259 g\u00f6r\u00fcl\u0259c\u0259k i\u015fl\u0259r\u0259 d\u0259st\u0259k verm\u0259yimiz olduqca vacibdir.<\/p>\n<p>\u201cYa\u015f\u0131l kitabxana\u201d &#8211; <a href=\"https:\/\/www.linkedin.com\/feed\/hashtag\/?keywords=ya%C5%9F%C4%B1lkitabxana&amp;highlightedUpdateUrns=urn%3Ali%3Aactivity%3A7155164194353332224&amp;lipi=urn%3Ali%3Apage%3Ad_flagship3_company_admin%3BW8N7sbjrR8%2B5%2Bv%2BjUdVY4Q%3D%3D\" target=\"_blank\" rel=\"noopener noreferrer\">#ya\u015f\u0131lkitabxana<\/a>\u00a0layih\u0259sinin \u0259rs\u0259y\u0259 g\u0259lm\u0259si d\u0259 m\u0259hz bu m\u0259qs\u0259di da\u015f\u0131y\u0131r. 24\/7 kitabxanas\u0131n\u0131n komandas\u0131 m\u00fct\u0259madi olaraq, d\u00fcnyan\u0131n \u0259n apar\u0131c\u0131, m\u00fcasir, ekoloji t\u0259miz v\u0259 dayan\u0131ql\u0131 kitabxanalar\u0131 haqq\u0131nda ara\u015fd\u0131rmalar apararaq, h\u0259m h\u0259mkarlar\u0131m\u0131za, h\u0259m bu sah\u0259l\u0259r\u0259 maraq g\u00f6st\u0259r\u0259n m\u00fct\u0259x\u0259ssisl\u0259r\u0259, el\u0259c\u0259 d\u0259 ictimaiyy\u0259t\u0259 geni\u015f m\u0259lumatland\u0131rma t\u0259qdim ed\u0259c\u0259k.<\/p>\n<p>Layih\u0259nin ilk burax\u0131l\u0131\u015f\u0131nda Var\u015fava Universitet Kitabxanas\u0131 \u201cBUW\u201da ara\u015fd\u0131r\u0131l\u0131b. Sonuncu ara\u015fd\u0131rmam\u0131z is\u0259\u00a0<span lang=\"AZ-LATIN\">T\u00fcrkiy\u0259nin m\u0259\u015fhur \u201cRami\u201d Kitabxana Kompleksi bar\u0259d\u0259 olub.<\/span>\u00a0<span lang=\"AZ-LATIN\">B\u00fct\u00fcn burax\u0131l\u0131\u015flar\u0131m\u0131zda \u201cya\u015f\u0131l kitabxana\u201d konsepsiyas\u0131n\u0131n kitabxana-informasiya m\u0259kan\u0131nda yeni bir istiqam\u0259t oldu\u011fu, \u201cya\u015f\u0131l kitabxana h\u0259r\u0259katlar\u0131\u201d, \u00fcmumiyy\u0259tl\u0259, \u201cya\u015f\u0131l kitabxana\u201d anlay\u0131\u015f\u0131na d\u00fczg\u00fcn yana\u015fma t\u0259hlil edilib.<\/span><\/p>\n<p><span lang=\"AZ-LATIN\">Ara\u015fd\u0131rmalar\u0131m\u0131zda \u201cYa\u015f\u0131l kitabxana\u201d statusu da\u015f\u0131yan d\u00fcnyan\u0131n m\u00fcxt\u0259lif n\u00f6v kitabxanalar\u0131n\u0131n, x\u00fcsusil\u0259 d\u0259, akademik kitabxanalar\u0131n \u0259sas missiyas\u0131, infrastrukturu, arxitekturas\u0131 v\u0259 funksiyalar\u0131n\u0131n m\u00fcasir elmmetrik s\u0259viyy\u0259d\u0259 yer almas\u0131, brendl\u0259\u015fdirilm\u0259si v\u0259 sertifikasiyas\u0131 m\u0259s\u0259l\u0259l\u0259ri, el\u0259c\u0259 d\u0259 beyn\u0259lxalq t\u0259\u015fkilatlar t\u0259r\u0259find\u0259n onlara g\u00f6st\u0259ril\u0259n d\u0259st\u0259yi vur\u011fulma\u011fa, h\u0259m\u00e7inin, \u201cYa\u015f\u0131l Kitabxana\u201d modeli \u00fczr\u0259 yarad\u0131lm\u0131\u015f m\u00fcasir kitabxanalar\u0131n ekoloji, iqtisadi v\u0259 sosial davaml\u0131, dayan\u0131ql\u0131 olmas\u0131n\u0131 n\u0259z\u0259r\u0259 \u00e7atd\u0131rma\u011fa \u00e7al\u0131\u015fm\u0131\u015f\u0131q.<\/span><\/p>\n<p><span lang=\"AZ-LATIN\">Ya\u015f\u0131l kitabxanalar\u0131n t\u0259bi\u0259tl\u0259 harmoniyas\u0131n\u0131, el\u0259c\u0259 d\u0259 enerjiy\u0259 q\u0259na\u0259tini, \u0259traf m\u00fchit\u0259 v\u0259 insan sa\u011flaml\u0131\u011f\u0131na z\u0259r\u0259r verm\u0259y\u0259c\u0259k infrastrukturunu n\u0259z\u0259r\u0259 alaraq, i\u015f\u011faldan azad edilmi\u015f Qaraba\u011f v\u0259 \u015e\u0259rqi Z\u0259ng\u0259zurda yeni qurulacaq kitabxanalar\u0131n \u201cYa\u015f\u0131l kitabxana modeli\u201dn\u0259 uy\u011funla\u015fd\u0131r\u0131lmas\u0131 bu sah\u0259y\u0259 b\u00f6y\u00fck t\u00f6hf\u0259 olard\u0131.<\/span><\/p>\n<p><em><strong>Arzu M\u018fMM\u018fDOVA<br \/>\nUNEC K\u0130M 24\/7 Kitabxanas\u0131n\u0131n m\u00fcdiri<\/strong><\/em><\/p>\n","protected":false},"excerpt":{"rendered":"<p>UNEC-in 24\/7 kitabxanas\u0131n\u0131n yeni layih\u0259si: \u201cYA\u015eIL K\u0130TABXANA\u201d &#8220;\u0130NFONEWS&#8221; Az\u0259rbaycan D\u00f6vl\u0259t \u0130qtisad Universitetinin sayt\u0131na istinad\u0259n x\u0259b\u0259r verir ki, \u201cYa\u015f\u0131l d\u00fcnya namin\u0259 h\u0259mr\u0259ylik ili\u201d v\u0259 \u201cYa\u015f\u0131l UNEC\u201d \u00e7\u0259r\u00e7iv\u0259sind\u0259 UNEC K\u0130M-in 24\/7 Kitabxanas\u0131&hellip; <\/p>\n","protected":false},"author":14,"featured_media":43586,"comment_status":"open","ping_status":"open","sticky":false,"template":"","format":"standard","meta":{"_mi_skip_tracking":false,"_monsterinsights_sitenote_active":false,"_monsterinsights_sitenote_note":"","_monsterinsights_sitenote_category":0,"footnotes":""},"categories":[4,11,3],"tags":[48,47,15,11572],"aioseo_notices":[],"_links":{"self":[{"href":"https:\/\/infonews.az\/index.php?rest_route=\/wp\/v2\/posts\/43584"}],"collection":[{"href":"https:\/\/infonews.az\/index.php?rest_route=\/wp\/v2\/posts"}],"about":[{"href":"https:\/\/infonews.az\/index.php?rest_route=\/wp\/v2\/types\/post"}],"author":[{"embeddable":true,"href":"https:\/\/infonews.az\/index.php?rest_route=\/wp\/v2\/users\/14"}],"replies":[{"embeddable":true,"href":"https:\/\/infonews.az\/index.php?rest_route=%2Fwp%2Fv2%2Fcomments&post=43584"}],"version-history":[{"count":1,"href":"https:\/\/infonews.az\/index.php?rest_route=\/wp\/v2\/posts\/43584\/revisions"}],"predecessor-version":[{"id":43587,"href":"https:\/\/infonews.az\/index.php?rest_route=\/wp\/v2\/posts\/43584\/revisions\/43587"}],"wp:featuredmedia":[{"embeddable":true,"href":"https:\/\/infonews.az\/index.php?rest_route=\/wp\/v2\/media\/43586"}],"wp:attachment":[{"href":"https:\/\/infonews.az\/index.php?rest_route=%2Fwp%2Fv2%2Fmedia&parent=43584"}],"wp:term":[{"taxonomy":"category","embeddable":true,"href":"https:\/\/infonews.az\/index.php?rest_route=%2Fwp%2Fv2%2Fcategories&post=43584"},{"taxonomy":"post_tag","embeddable":true,"href":"https:\/\/infonews.az\/index.php?rest_route=%2Fwp%2Fv2%2Ftags&post=43584"}],"curies":[{"name":"wp","href":"https:\/\/api.w.org\/{rel}","templated":true}]}}