{"id":43632,"date":"2024-05-01T08:01:23","date_gmt":"2024-05-01T04:01:23","guid":{"rendered":"https:\/\/infonews.az\/?p=43632"},"modified":"2024-05-01T09:10:08","modified_gmt":"2024-05-01T05:10:08","slug":"mehriban-xanimin-t%c9%99briki-m%c9%99ni-xosb%c9%99xt-etdi-ulviyy%c9%99-f%c9%99t%c9%99liyeva","status":"publish","type":"post","link":"https:\/\/infonews.az\/?p=43632","title":{"rendered":"&#8220;Mehriban xan\u0131m\u0131n t\u0259briki m\u0259ni xo\u015fb\u0259xt etdi&#8221;- \u00dclviyy\u0259 F\u0259t\u0259liyeva"},"content":{"rendered":"<p><span style=\"color: #ffffff;\">&#8220;Mehriban xan\u0131m\u0131n t\u0259briki m\u0259ni xo\u015fb\u0259xt etdi&#8221;- \u00dclviyy\u0259 F\u0259t\u0259liyeva<\/span><\/p>\n<blockquote><p>&#8220;\u015e\u0259xsi yar\u0131\u015flarda ist\u0259diyimi \u0259ld\u0259 ed\u0259 bilmirdim. Lakin bu d\u0259f\u0259 al\u0131nd\u0131. \u00c7ox m\u00f6ht\u0259\u015f\u0259m hissl\u0259rdir. V\u0259t\u0259nim\u0259 q\u0131z\u0131l medalla qay\u0131tmaq q\u00fcrurvericidir. Birinci vitse-prezident Mehriban \u018fliyevan\u0131n t\u0259briki m\u0259ni xo\u015fb\u0259xt etdi&#8230;&#8221;<\/p><\/blockquote>\n<p><a href=\"https:\/\/infonews.az\/?p=43632\"><span style=\"color: #333399;\"><strong>&#8220;\u0130NFONEWS&#8221;<\/strong> <\/span><\/a>x\u0259b\u0259r verir ki, bu s\u00f6zl\u0259ri AZ\u018fRTAC-a a\u00e7\u0131qlamas\u0131nda Yunan\u0131stan\u0131n Rodos adas\u0131nda t\u0259\u015fkil edil\u0259n Avropa \u00e7empionat\u0131nda q\u0131z\u0131l medal qazanan Az\u0259rbaycan\u0131n ilk qad\u0131n \u015fahmat\u00e7\u0131s\u0131 \u00dclviyy\u0259 F\u0259t\u0259liyeva deyib.<\/p>\n<p>O, yar\u0131\u015f\u0131n g\u0259rgin ke\u00e7diyini bildirib: &#8220;\u015e\u0259xsi yar\u0131\u015flarda ist\u0259diyimi \u0259ld\u0259 ed\u0259 bilmirdim. Lakin bu d\u0259f\u0259 al\u0131nd\u0131. \u00c7ox m\u00f6ht\u0259\u015f\u0259m hissl\u0259rdir. V\u0259t\u0259nim\u0259 q\u0131z\u0131l medalla qay\u0131tmaq q\u00fcrurvericidir. Birinci vitse-prezident Mehriban \u018fliyevan\u0131n t\u0259briki m\u0259ni xo\u015fb\u0259xt etdi. O, h\u0259r zaman z\u0259rif cinsin n\u00fcmay\u0259nd\u0259l\u0259rin\u0259 qay\u011f\u0131 g\u00f6st\u0259rir. Buradan ona d\u0259rin minn\u0259tdarl\u0131\u011f\u0131m\u0131 bildirir\u0259m&#8221;.<\/p>\n<p>Onun s\u00f6zl\u0259rin\u0259 g\u00f6r\u0259, bu n\u0259tic\u0259ni daha \u0259vv\u0259l d\u0259 g\u00f6zl\u0259yirmi\u015f: &#8220;Bu, f\u0259rdi yar\u0131\u015f oldu\u011fu \u00fc\u00e7\u00fcn b\u00fct\u00fcn g\u00f6zl\u0259ntil\u0259rimi k\u0259nara qoymu\u015fdum. \u015e\u00fck\u00fcr ki, m\u0259qs\u0259dim\u0259 \u00e7atd\u0131m&#8221;.<\/p>\n<p>\u0130ti z\u0259ka sahibi q\u0259l\u0259b\u0259d\u0259n sonra Az\u0259rbaycan \u015eahmat Federasiyas\u0131n\u0131n prezidenti Mahir M\u0259mm\u0259dovun ona z\u0259ng etdiyini s\u00f6yl\u0259yib: &#8220;\u0130lk olaraq q\u0259l\u0259b\u0259mi onunla qeyd etdim. Onun biz\u0259 olan d\u0259st\u0259yi b\u00f6y\u00fckd\u00fcr&#8221;.<\/p>\n<p>\u00dclviyy\u0259 F\u0259t\u0259liyeva X turda G\u00fcrc\u00fcstan t\u0259msil\u00e7isi Nina Batsia\u015fvili il\u0259 he\u00e7-he\u00e7\u0259 ed\u0259r\u0259k qit\u0259 \u00e7empionlu\u011funu qazan\u0131b. Bu n\u0259tic\u0259d\u0259n sonra xallar\u0131n\u0131 8,5-\u0259 \u00e7atd\u0131ran \u015fahmat\u00e7\u0131m\u0131z r\u0259qibl\u0259ri \u00fc\u00e7\u00fcn \u0259l\u00e7atmaz olub.<\/p>\n<p>Qeyd ed\u0259k ki, Avropa \u015eahmat \u0130ttifaq\u0131 t\u0259r\u0259find\u0259n qad\u0131nlar aras\u0131nda \u015f\u0259xsi Avropa \u00e7empionat\u0131 2000-ci ild\u0259n t\u0259\u015fkil olunur. \u00dclviyy\u0259 F\u0259t\u0259liyeva \u015f\u0259xsi qit\u0259 \u00e7empionat\u0131nda q\u0131z\u0131l medal qazanan ilk az\u0259rbaycanl\u0131 xan\u0131m \u015fahmat\u00e7\u0131 kimi tarix\u0259 d\u00fc\u015f\u00fcb.<\/p>\n","protected":false},"excerpt":{"rendered":"<p>&#8220;Mehriban xan\u0131m\u0131n t\u0259briki m\u0259ni xo\u015fb\u0259xt etdi&#8221;- \u00dclviyy\u0259 F\u0259t\u0259liyeva &#8220;\u015e\u0259xsi yar\u0131\u015flarda ist\u0259diyimi \u0259ld\u0259 ed\u0259 bilmirdim. Lakin bu d\u0259f\u0259 al\u0131nd\u0131. \u00c7ox m\u00f6ht\u0259\u015f\u0259m hissl\u0259rdir. V\u0259t\u0259nim\u0259 q\u0131z\u0131l medalla qay\u0131tmaq q\u00fcrurvericidir. Birinci vitse-prezident Mehriban \u018fliyevan\u0131n&hellip; <\/p>\n","protected":false},"author":14,"featured_media":43633,"comment_status":"open","ping_status":"open","sticky":false,"template":"","format":"standard","meta":{"_mi_skip_tracking":false,"_monsterinsights_sitenote_active":false,"_monsterinsights_sitenote_note":"","_monsterinsights_sitenote_category":0,"footnotes":""},"categories":[4,58,11],"tags":[15,13459],"aioseo_notices":[],"_links":{"self":[{"href":"https:\/\/infonews.az\/index.php?rest_route=\/wp\/v2\/posts\/43632"}],"collection":[{"href":"https:\/\/infonews.az\/index.php?rest_route=\/wp\/v2\/posts"}],"about":[{"href":"https:\/\/infonews.az\/index.php?rest_route=\/wp\/v2\/types\/post"}],"author":[{"embeddable":true,"href":"https:\/\/infonews.az\/index.php?rest_route=\/wp\/v2\/users\/14"}],"replies":[{"embeddable":true,"href":"https:\/\/infonews.az\/index.php?rest_route=%2Fwp%2Fv2%2Fcomments&post=43632"}],"version-history":[{"count":1,"href":"https:\/\/infonews.az\/index.php?rest_route=\/wp\/v2\/posts\/43632\/revisions"}],"predecessor-version":[{"id":43634,"href":"https:\/\/infonews.az\/index.php?rest_route=\/wp\/v2\/posts\/43632\/revisions\/43634"}],"wp:featuredmedia":[{"embeddable":true,"href":"https:\/\/infonews.az\/index.php?rest_route=\/wp\/v2\/media\/43633"}],"wp:attachment":[{"href":"https:\/\/infonews.az\/index.php?rest_route=%2Fwp%2Fv2%2Fmedia&parent=43632"}],"wp:term":[{"taxonomy":"category","embeddable":true,"href":"https:\/\/infonews.az\/index.php?rest_route=%2Fwp%2Fv2%2Fcategories&post=43632"},{"taxonomy":"post_tag","embeddable":true,"href":"https:\/\/infonews.az\/index.php?rest_route=%2Fwp%2Fv2%2Ftags&post=43632"}],"curies":[{"name":"wp","href":"https:\/\/api.w.org\/{rel}","templated":true}]}}