{"id":43683,"date":"2024-05-03T15:34:02","date_gmt":"2024-05-03T11:34:02","guid":{"rendered":"https:\/\/infonews.az\/?p=43683"},"modified":"2024-05-03T15:34:02","modified_gmt":"2024-05-03T11:34:02","slug":"basdirilan-minalar-humanitar-f%c9%99aliyy%c9%99t%c9%99-ciddi-t%c9%99sir-edir","status":"publish","type":"post","link":"https:\/\/infonews.az\/?p=43683","title":{"rendered":"&#8220;Basd\u0131r\u0131lan minalar humanitar f\u0259aliyy\u0259t\u0259 ciddi t\u0259sir edir&#8221;"},"content":{"rendered":"<p><span style=\"color: #ffffff;\">&#8220;Basd\u0131r\u0131lan minalar humanitar f\u0259aliyy\u0259t\u0259 ciddi t\u0259sir edir&#8221; <\/span><\/p>\n<blockquote><p><strong>Bu t\u0259\u015f\u0259bb\u00fcs A\u0130 v\u0259 Az\u0259rbaycan aras\u0131nda s\u0259m\u0259r\u0259li \u0259m\u0259kda\u015fl\u0131\u011f\u0131n g\u00f6st\u0259ricisidir.<\/strong><\/p><\/blockquote>\n<p><a href=\"https:\/\/infonews.az\/?p=43683\"><span style=\"color: #333399;\"><strong>&#8220;\u0130NFONEWS&#8221; <\/strong><\/span><\/a>x\u0259b\u0259r verir ki, bunu Prezidentin k\u00f6m\u0259k\u00e7isi-Prezident Administrasiyas\u0131n\u0131n Xarici siyas\u0259t m\u0259s\u0259l\u0259l\u0259ri \u015f\u00f6b\u0259sinin m\u00fcdiri Hikm\u0259t Hac\u0131yev Bak\u0131da \u201cAvropa Komandas\u0131n\u0131n Mina \u018fleyhin\u0259 T\u0259\u015f\u0259bb\u00fcs\u00fc\u201d adl\u0131 t\u0259dbird\u0259 \u00e7\u0131x\u0131\u015f\u0131 zaman\u0131 deyib.<\/p>\n<p>Hikm\u0259t Hac\u0131yev bildirib ki, Az\u0259rbaycan minalar v\u0259 partlamam\u0131\u015f h\u0259rbi sursatlar t\u0259hl\u00fck\u0259si il\u0259 \u00fczl\u0259\u015fib v\u0259 bu problem insanlar\u0131n h\u0259yat\u0131na m\u0259nfi t\u0259sir edir.<\/p>\n<p>Onun s\u00f6zl\u0259rin\u0259 g\u00f6r\u0259, Az\u0259rbaycan\u0131n i\u015f\u011faldan azad olunmu\u015f \u0259razil\u0259rind\u0259 1.5 milyon mina basd\u0131r\u0131l\u0131b v\u0259 \u0259razinin 12 faizi minalarla \u00e7irkl\u0259ndirilib.<\/p>\n<p>Hikm\u0259t Hac\u0131yev qeyd edib ki, minalar m\u0259cburi k\u00f6\u00e7k\u00fcnl\u0259rin t\u0259hl\u00fck\u0259siz \u015f\u0259kild\u0259 geri qay\u0131tmas\u0131na v\u0259 b\u0259rpa i\u015fl\u0259rinin daha s\u00fcr\u0259tl\u0259 apar\u0131lmas\u0131na mane olur.<\/p>\n<p>Prezidentin k\u00f6m\u0259k\u00e7isi onu da bildirib ki, Erm\u0259nistan\u0131n basd\u0131rd\u0131\u011f\u0131 bu says\u0131z-hesabs\u0131z minalar humanitar f\u0259aliyy\u0259t\u0259 ciddi t\u0259sir edir. Hikm\u0259t Hac\u0131yev qeyd edib ki, beyn\u0259lxalq ictimaiyy\u0259tin bu prosesd\u0259 i\u015ftirak\u0131 v\u0259 Az\u0259rbaycanla h\u0259mr\u0259ylik ifad\u0259 etm\u0259si \u00e7ox vacibdir.<\/p>\n<p>Hikm\u0259t Hac\u0131yev onu da qeyd edib ki, minalar\u0131n t\u0259mizl\u0259nm\u0259si \u00fc\u00e7\u00fcn texniki imkanlar\u0131n g\u00fccl\u0259ndirilm\u0259si vacibdir v\u0259 bu m\u0259nada birba\u015fa maliyy\u0259 ian\u0259l\u0259ri z\u0259ruridir ki, proses s\u00fcr\u0259tli olsun.<\/p>\n","protected":false},"excerpt":{"rendered":"<p>&#8220;Basd\u0131r\u0131lan minalar humanitar f\u0259aliyy\u0259t\u0259 ciddi t\u0259sir edir&#8221; Bu t\u0259\u015f\u0259bb\u00fcs A\u0130 v\u0259 Az\u0259rbaycan aras\u0131nda s\u0259m\u0259r\u0259li \u0259m\u0259kda\u015fl\u0131\u011f\u0131n g\u00f6st\u0259ricisidir. &#8220;\u0130NFONEWS&#8221; x\u0259b\u0259r verir ki, bunu Prezidentin k\u00f6m\u0259k\u00e7isi-Prezident Administrasiyas\u0131n\u0131n Xarici siyas\u0259t m\u0259s\u0259l\u0259l\u0259ri \u015f\u00f6b\u0259sinin m\u00fcdiri Hikm\u0259t&hellip; <\/p>\n","protected":false},"author":14,"featured_media":42088,"comment_status":"open","ping_status":"open","sticky":false,"template":"","format":"standard","meta":{"_mi_skip_tracking":false,"_monsterinsights_sitenote_active":false,"_monsterinsights_sitenote_note":"","_monsterinsights_sitenote_category":0,"footnotes":""},"categories":[4,6,11,10190],"tags":[7358,84,15],"aioseo_notices":[],"_links":{"self":[{"href":"https:\/\/infonews.az\/index.php?rest_route=\/wp\/v2\/posts\/43683"}],"collection":[{"href":"https:\/\/infonews.az\/index.php?rest_route=\/wp\/v2\/posts"}],"about":[{"href":"https:\/\/infonews.az\/index.php?rest_route=\/wp\/v2\/types\/post"}],"author":[{"embeddable":true,"href":"https:\/\/infonews.az\/index.php?rest_route=\/wp\/v2\/users\/14"}],"replies":[{"embeddable":true,"href":"https:\/\/infonews.az\/index.php?rest_route=%2Fwp%2Fv2%2Fcomments&post=43683"}],"version-history":[{"count":1,"href":"https:\/\/infonews.az\/index.php?rest_route=\/wp\/v2\/posts\/43683\/revisions"}],"predecessor-version":[{"id":43684,"href":"https:\/\/infonews.az\/index.php?rest_route=\/wp\/v2\/posts\/43683\/revisions\/43684"}],"wp:featuredmedia":[{"embeddable":true,"href":"https:\/\/infonews.az\/index.php?rest_route=\/wp\/v2\/media\/42088"}],"wp:attachment":[{"href":"https:\/\/infonews.az\/index.php?rest_route=%2Fwp%2Fv2%2Fmedia&parent=43683"}],"wp:term":[{"taxonomy":"category","embeddable":true,"href":"https:\/\/infonews.az\/index.php?rest_route=%2Fwp%2Fv2%2Fcategories&post=43683"},{"taxonomy":"post_tag","embeddable":true,"href":"https:\/\/infonews.az\/index.php?rest_route=%2Fwp%2Fv2%2Ftags&post=43683"}],"curies":[{"name":"wp","href":"https:\/\/api.w.org\/{rel}","templated":true}]}}