{"id":43735,"date":"2024-05-07T09:11:12","date_gmt":"2024-05-07T05:11:12","guid":{"rendered":"https:\/\/infonews.az\/?p=43735"},"modified":"2024-05-07T10:37:58","modified_gmt":"2024-05-07T06:37:58","slug":"az%c9%99rbaycanin-milli-geyiml%c9%99ri-abs-da-numayis-edilib","status":"publish","type":"post","link":"https:\/\/infonews.az\/?p=43735","title":{"rendered":"Az\u0259rbaycan\u0131n milli geyiml\u0259ri AB\u015e-da n\u00fcmayi\u015f edilib"},"content":{"rendered":"<p><span style=\"color: #ffffff;\">Az\u0259rbaycan\u0131n milli geyiml\u0259ri AB\u015e-da n\u00fcmayi\u015f edilib <\/span><\/p>\n<blockquote><p>AB\u015e-\u0131n paytaxt\u0131 Va\u015finqton \u015f\u0259h\u0259rind\u0259 ke\u00e7irilmi\u015f s\u0259rgid\u0259 Az\u0259rbaycana m\u0259xsus milli geyim n\u00fcmayi\u015f olunub.<\/p><\/blockquote>\n<p><a href=\"https:\/\/infonews.az\/?p=43735\"><span style=\"color: #333399;\"><strong>&#8220;\u0130NFONEWS&#8221;<\/strong><\/span><\/a> AZ\u018fRTAC-a istinad\u0259n x\u0259b\u0259r verir ki, Prezident Vudro Vilsonun ev-muzeyind\u0259 d\u00fcnya \u00f6lk\u0259l\u0259rinin milli geyiml\u0259rind\u0259n ibar\u0259t s\u0259rgi t\u0259\u015fkil edilib. Az\u0259rbaycan\u0131n AB\u015e-dak\u0131 s\u0259firliyinin d\u0259st\u0259yi il\u0259 s\u0259rgid\u0259 n\u00fcmayi\u015f olunan geyiml\u0259r s\u0131ras\u0131na Az\u0259rbaycana m\u0259xsus milli geyim d\u0259 daxil edilib.<\/p>\n<p>S\u0259firliyin ictimaiyy\u0259tl\u0259 \u0259laq\u0259l\u0259r \u00fczr\u0259 \u0259m\u0259kda\u015f\u0131 C\u0259mil\u0259 M\u0259mm\u0259dovan\u0131n s\u00f6zl\u0259rin\u0259 g\u00f6r\u0259, geyim Az\u0259rbaycan\u0131n v\u0259 m\u00fcs\u0259lman \u015e\u0259rqin ilk diplomat qad\u0131n\u0131, d\u00f6vr\u00fcn\u00fcn bacar\u0131ql\u0131 diplomatik vasit\u0259\u00e7isi Sara Xatuna h\u0259sr olunub.<\/p>\n<p>Ev-muzeyinin icra\u00e7\u0131 direktoru Elizabet Kar\u00e7er a\u00e7\u0131l\u0131\u015f nitqi zaman\u0131 i\u015ftirak ed\u0259n s\u0259firlikl\u0259r\u0259 \u00f6z minn\u0259tdarl\u0131\u011f\u0131n\u0131 bildirib. O qeyd edib ki, t\u0259dbir h\u0259r il t\u0259\u015fkil olunur v\u0259 bu il s\u0259rgid\u0259 40-a yax\u0131n \u00f6lk\u0259nin milli geyimi n\u00fcmayi\u015f olunur. Onun s\u00f6zl\u0259rin\u0259 g\u00f6r\u0259, s\u0259rginin ke\u00e7irilm\u0259sind\u0259 m\u0259qs\u0259d d\u0259bin g\u00fcc\u00fcn\u00fc g\u00f6st\u0259rm\u0259k v\u0259 d\u0259b vasit\u0259sil\u0259 s\u00fclh mesajlar\u0131n\u0131 \u00e7atd\u0131rmaqd\u0131r.<\/p>\n<p>T\u0259dbird\u0259 s\u0259rgil\u0259nmi\u015f geyiml\u0259rin fotolar\u0131ndan ibar\u0259t jurnal qonaqlara t\u0259qdim edilib. Jurnal\u0131n Az\u0259rbaycanla ba\u011fl\u0131 b\u00f6lm\u0259sind\u0259 t\u0259qdim olunmu\u015f geyimd\u0259 istifad\u0259 olunmu\u015f par\u00e7alar, h\u0259m\u00e7inin Sara Xatunun f\u0259aliyy\u0259ti il\u0259 ba\u011fl\u0131 m\u0259lumat qeyd olunub.<\/p>\n<p><img loading=\"lazy\" decoding=\"async\" class=\"aligncenter size-full wp-image-43737\" src=\"https:\/\/infonews.az\/wp-content\/uploads\/2024\/05\/\u0411\u0435\u0437-\u043d\u0430\u0437\u0432\u0430\u043d\u0438\u044f-1.jpeg\" alt=\"\" width=\"285\" height=\"177\" \/><\/p>\n<p><img loading=\"lazy\" decoding=\"async\" class=\"aligncenter size-full wp-image-43738\" src=\"https:\/\/infonews.az\/wp-content\/uploads\/2024\/05\/\u0411\u0435\u0437-\u043d\u0430\u0437\u0432\u0430\u043d\u0438\u044f-3.jpeg\" alt=\"\" width=\"283\" height=\"178\" \/><\/p>\n","protected":false},"excerpt":{"rendered":"<p>Az\u0259rbaycan\u0131n milli geyiml\u0259ri AB\u015e-da n\u00fcmayi\u015f edilib AB\u015e-\u0131n paytaxt\u0131 Va\u015finqton \u015f\u0259h\u0259rind\u0259 ke\u00e7irilmi\u015f s\u0259rgid\u0259 Az\u0259rbaycana m\u0259xsus milli geyim n\u00fcmayi\u015f olunub. &#8220;\u0130NFONEWS&#8221; AZ\u018fRTAC-a istinad\u0259n x\u0259b\u0259r verir ki, Prezident Vudro Vilsonun ev-muzeyind\u0259 d\u00fcnya \u00f6lk\u0259l\u0259rinin&hellip; <\/p>\n","protected":false},"author":14,"featured_media":43736,"comment_status":"open","ping_status":"open","sticky":false,"template":"","format":"standard","meta":{"_mi_skip_tracking":false,"_monsterinsights_sitenote_active":false,"_monsterinsights_sitenote_note":"","_monsterinsights_sitenote_category":0,"footnotes":""},"categories":[10,11],"tags":[13499,13501,15,13500],"aioseo_notices":[],"_links":{"self":[{"href":"https:\/\/infonews.az\/index.php?rest_route=\/wp\/v2\/posts\/43735"}],"collection":[{"href":"https:\/\/infonews.az\/index.php?rest_route=\/wp\/v2\/posts"}],"about":[{"href":"https:\/\/infonews.az\/index.php?rest_route=\/wp\/v2\/types\/post"}],"author":[{"embeddable":true,"href":"https:\/\/infonews.az\/index.php?rest_route=\/wp\/v2\/users\/14"}],"replies":[{"embeddable":true,"href":"https:\/\/infonews.az\/index.php?rest_route=%2Fwp%2Fv2%2Fcomments&post=43735"}],"version-history":[{"count":1,"href":"https:\/\/infonews.az\/index.php?rest_route=\/wp\/v2\/posts\/43735\/revisions"}],"predecessor-version":[{"id":43739,"href":"https:\/\/infonews.az\/index.php?rest_route=\/wp\/v2\/posts\/43735\/revisions\/43739"}],"wp:featuredmedia":[{"embeddable":true,"href":"https:\/\/infonews.az\/index.php?rest_route=\/wp\/v2\/media\/43736"}],"wp:attachment":[{"href":"https:\/\/infonews.az\/index.php?rest_route=%2Fwp%2Fv2%2Fmedia&parent=43735"}],"wp:term":[{"taxonomy":"category","embeddable":true,"href":"https:\/\/infonews.az\/index.php?rest_route=%2Fwp%2Fv2%2Fcategories&post=43735"},{"taxonomy":"post_tag","embeddable":true,"href":"https:\/\/infonews.az\/index.php?rest_route=%2Fwp%2Fv2%2Ftags&post=43735"}],"curies":[{"name":"wp","href":"https:\/\/api.w.org\/{rel}","templated":true}]}}