{"id":438,"date":"2020-12-08T15:04:40","date_gmt":"2020-12-08T11:04:40","guid":{"rendered":"http:\/\/infonews.az\/?p=438"},"modified":"2020-12-08T15:39:28","modified_gmt":"2020-12-08T11:39:28","slug":"s%c9%99rt-karantin-rejiminin-t%c9%99tbiq-edilm%c9%99si-il%c9%99-bagli-c%c9%99miyy%c9%99td%c9%99n-d%c9%99-t%c9%99l%c9%99bl%c9%99r-var-hikm%c9%99t-haciyev","status":"publish","type":"post","link":"https:\/\/infonews.az\/?p=438","title":{"rendered":"S\u0259rt karantin rejiminin t\u0259tbiq edilm\u0259si il\u0259 ba\u011fl\u0131 c\u0259miyy\u0259td\u0259n d\u0259 t\u0259l\u0259bl\u0259r var &#8211; Hikm\u0259t Hac\u0131yev"},"content":{"rendered":"<blockquote><p>&#8220;S\u0259rt karantin rejiminin t\u0259tbiq edilm\u0259si il\u0259 ba\u011fl\u0131 c\u0259miyy\u0259td\u0259n d\u0259 t\u0259l\u0259bl\u0259r var.&#8221;<\/p><\/blockquote>\n<p><a href=\"http:\/\/infonews.az\"><span style=\"color: #ff0000;\">&#8220;\u0130NFONEWS&#8221;<\/span><\/a> x\u0259b\u0259r verir ki, bunu Az\u0259rbaycan Respublikas\u0131 Prezidentinin k\u00f6m\u0259k\u00e7isi Hikm\u0259t Hac\u0131yev bildirib.<\/p>\n<p>O qeyd edib ki, bu g\u00fcn Az\u0259rbaycanda yeni yoluxma 4500-d\u0259n art\u0131q\u0131r ki, bu da kifay\u0259t q\u0259d\u0259r ciddi r\u0259q\u0259ml\u0259rdir v\u0259 h\u0259y\u0259can t\u0259bili \u00e7al\u0131n\u0131r.<\/p>\n<p>Prezident k\u00f6m\u0259k\u00e7isi bildirib ki, s\u0259rt karantin rejiminin t\u0259tbiqinin m\u0259qs\u0259di Az\u0259rbaycan v\u0259t\u0259nda\u015flar\u0131n\u0131n sa\u011flaml\u0131\u011f\u0131n\u0131n qorunmas\u0131d\u0131r, \u00f6l\u00fcm hallar\u0131n\u0131n qar\u015f\u0131s\u0131n\u0131n al\u0131nmas\u0131d\u0131r:<\/p>\n<p>&#8220;K\u00fctl\u0259vi vaksinl\u0259r t\u0259tbiq edil\u0259n\u0259 q\u0259d\u0259r v\u0259t\u0259nda\u015flar\u0131m\u0131z\u0131n sa\u011flaml\u0131\u011f\u0131n\u0131 qorumal\u0131y\u0131q&#8221;.<\/p>\n","protected":false},"excerpt":{"rendered":"<p>&#8220;S\u0259rt karantin rejiminin t\u0259tbiq edilm\u0259si il\u0259 ba\u011fl\u0131 c\u0259miyy\u0259td\u0259n d\u0259 t\u0259l\u0259bl\u0259r var.&#8221; &#8220;\u0130NFONEWS&#8221; x\u0259b\u0259r verir ki, bunu Az\u0259rbaycan Respublikas\u0131 Prezidentinin k\u00f6m\u0259k\u00e7isi Hikm\u0259t Hac\u0131yev bildirib. O qeyd edib ki, bu g\u00fcn Az\u0259rbaycanda&hellip; <\/p>\n","protected":false},"author":3,"featured_media":439,"comment_status":"open","ping_status":"open","sticky":false,"template":"","format":"standard","meta":{"_mi_skip_tracking":false,"_monsterinsights_sitenote_active":false,"_monsterinsights_sitenote_note":"","_monsterinsights_sitenote_category":0,"footnotes":""},"categories":[11,7],"tags":[84],"aioseo_notices":[],"_links":{"self":[{"href":"https:\/\/infonews.az\/index.php?rest_route=\/wp\/v2\/posts\/438"}],"collection":[{"href":"https:\/\/infonews.az\/index.php?rest_route=\/wp\/v2\/posts"}],"about":[{"href":"https:\/\/infonews.az\/index.php?rest_route=\/wp\/v2\/types\/post"}],"author":[{"embeddable":true,"href":"https:\/\/infonews.az\/index.php?rest_route=\/wp\/v2\/users\/3"}],"replies":[{"embeddable":true,"href":"https:\/\/infonews.az\/index.php?rest_route=%2Fwp%2Fv2%2Fcomments&post=438"}],"version-history":[{"count":1,"href":"https:\/\/infonews.az\/index.php?rest_route=\/wp\/v2\/posts\/438\/revisions"}],"predecessor-version":[{"id":440,"href":"https:\/\/infonews.az\/index.php?rest_route=\/wp\/v2\/posts\/438\/revisions\/440"}],"wp:featuredmedia":[{"embeddable":true,"href":"https:\/\/infonews.az\/index.php?rest_route=\/wp\/v2\/media\/439"}],"wp:attachment":[{"href":"https:\/\/infonews.az\/index.php?rest_route=%2Fwp%2Fv2%2Fmedia&parent=438"}],"wp:term":[{"taxonomy":"category","embeddable":true,"href":"https:\/\/infonews.az\/index.php?rest_route=%2Fwp%2Fv2%2Fcategories&post=438"},{"taxonomy":"post_tag","embeddable":true,"href":"https:\/\/infonews.az\/index.php?rest_route=%2Fwp%2Fv2%2Ftags&post=438"}],"curies":[{"name":"wp","href":"https:\/\/api.w.org\/{rel}","templated":true}]}}