{"id":43937,"date":"2024-05-16T16:02:46","date_gmt":"2024-05-16T12:02:46","guid":{"rendered":"https:\/\/infonews.az\/?p=43937"},"modified":"2024-05-16T16:02:46","modified_gmt":"2024-05-16T12:02:46","slug":"unec-%c9%99m%c9%99kdasi-malaqa-universitetind%c9%99-mubadil%c9%99d%c9%99-olub","status":"publish","type":"post","link":"https:\/\/infonews.az\/?p=43937","title":{"rendered":"UNEC \u0259m\u0259kda\u015f\u0131 Malaqa Universitetind\u0259 m\u00fcbadil\u0259d\u0259 olub"},"content":{"rendered":"<blockquote><p>UNEC-in\u00a0<a href=\"https:\/\/unec.edu.az\/idareetme11\/departamentler\/beynelxalq-elaqeler-departamenti\/\">Beyn\u0259lxalq \u018fm\u0259kda\u015fl\u0131q Departamentinin\u00a0<\/a>\u0259m\u0259kda\u015f\u0131 Elgiz Camalzad\u0259 Avropa \u0130ttifaq\u0131n\u0131n maliyy\u0259l\u0259\u015fdirdiyi Erasmus+ m\u00fcbadil\u0259 proqram\u0131 \u00e7\u0259r\u00e7iv\u0259sind\u0259 06-10 may tarixl\u0259rind\u0259\u00a0\u0130spanyan\u0131n Malaga\u00a0Universitetind\u0259 ke\u00e7iril\u0259n Beyn\u0259lxalq \u0130\u015f\u00e7i H\u0259ft\u0259sind\u0259 i\u015ftirak edib.<\/p><\/blockquote>\n<p><a href=\"https:\/\/infonews.az\/\"><strong>\u201c\u0130NFONEWS\u201d<\/strong><\/a> -\u00fcn m\u0259lumat\u0131na g\u00f6r\u0259, proqram \u00e7\u0259r\u00e7iv\u0259sind\u0259 UNEC \u0259m\u0259kda\u015f\u0131 \u201cBeyn\u0259lxalq \u0130\u015f\u00e7i h\u0259ft\u0259\u201dd\u0259 t\u0259msil olunan AB\u015e, \u0130sve\u00e7r\u0259, Malayziya, B\u00f6y\u00fck Britaniya, Rusiya, Hindistan, Macar\u0131stan, Sloveniya v\u0259 T\u00fcrkiy\u0259nin ali t\u0259hsil m\u00fc\u0259ssis\u0259l\u0259rinin n\u00fcmay\u0259nd\u0259l\u0259ri il\u0259 g\u00f6r\u00fc\u015f\u0259r\u0259k, universitetl\u0259raras\u0131 qar\u015f\u0131l\u0131ql\u0131 \u0259m\u0259kda\u015fl\u0131q imkanlar\u0131n\u0131 m\u00fczakir\u0259 edib.<\/p>\n<p>E.Camalzad\u0259 panel g\u00f6r\u00fc\u015fl\u0259rd\u0259\u00a0Malaqan\u0131n f\u0259xri b\u0259l\u0259diy\u0259 s\u0259dri Mr. Francisco De La Torre il\u0259 g\u00f6r\u00fc\u015f\u0259r\u0259k UNEC-in f\u0259aliyy\u0259t istiqam\u0259tl\u0259ri \u00fczr\u0259 strateji h\u0259d\u0259fl\u0259ri bar\u0259d\u0259 m\u0259lumat verib.<\/p>\n<p>Beyn\u0259lxalq \u0130\u015f\u00e7i H\u0259ft\u0259sind\u0259 ke\u00e7iril\u0259n t\u0259liml\u0259rd\u0259 Erasmus+ m\u00fcbadil\u0259 proqram\u0131n\u0131n i\u015ftirak\u00e7\u0131lar\u0131 olan xarici ali t\u0259hsil m\u00fc\u0259ssis\u0259l\u0259rinin n\u00fcmay\u0259nd\u0259l\u0259ri aras\u0131nda t\u0259cr\u00fcb\u0259 m\u00fcbadil\u0259si apar\u0131l\u0131b, el\u0259c\u0259 d\u0259 d\u00fcnya ixtisaslar\u0131n\u0131n beyn\u0259lxalq standartlar\u0131 m\u00fczakir\u0259 edilib.<\/p>\n","protected":false},"excerpt":{"rendered":"<p>UNEC-in\u00a0Beyn\u0259lxalq \u018fm\u0259kda\u015fl\u0131q Departamentinin\u00a0\u0259m\u0259kda\u015f\u0131 Elgiz Camalzad\u0259 Avropa \u0130ttifaq\u0131n\u0131n maliyy\u0259l\u0259\u015fdirdiyi Erasmus+ m\u00fcbadil\u0259 proqram\u0131 \u00e7\u0259r\u00e7iv\u0259sind\u0259 06-10 may tarixl\u0259rind\u0259\u00a0\u0130spanyan\u0131n Malaga\u00a0Universitetind\u0259 ke\u00e7iril\u0259n Beyn\u0259lxalq \u0130\u015f\u00e7i H\u0259ft\u0259sind\u0259 i\u015ftirak edib. \u201c\u0130NFONEWS\u201d -\u00fcn m\u0259lumat\u0131na g\u00f6r\u0259, proqram \u00e7\u0259r\u00e7iv\u0259sind\u0259 UNEC \u0259m\u0259kda\u015f\u0131&hellip; <\/p>\n","protected":false},"author":30,"featured_media":43939,"comment_status":"open","ping_status":"open","sticky":false,"template":"","format":"standard","meta":{"_mi_skip_tracking":false,"_monsterinsights_sitenote_active":false,"_monsterinsights_sitenote_note":"","_monsterinsights_sitenote_category":0,"footnotes":""},"categories":[11,7,3],"tags":[47,13567,13568,13570,13569],"aioseo_notices":[],"_links":{"self":[{"href":"https:\/\/infonews.az\/index.php?rest_route=\/wp\/v2\/posts\/43937"}],"collection":[{"href":"https:\/\/infonews.az\/index.php?rest_route=\/wp\/v2\/posts"}],"about":[{"href":"https:\/\/infonews.az\/index.php?rest_route=\/wp\/v2\/types\/post"}],"author":[{"embeddable":true,"href":"https:\/\/infonews.az\/index.php?rest_route=\/wp\/v2\/users\/30"}],"replies":[{"embeddable":true,"href":"https:\/\/infonews.az\/index.php?rest_route=%2Fwp%2Fv2%2Fcomments&post=43937"}],"version-history":[{"count":1,"href":"https:\/\/infonews.az\/index.php?rest_route=\/wp\/v2\/posts\/43937\/revisions"}],"predecessor-version":[{"id":43940,"href":"https:\/\/infonews.az\/index.php?rest_route=\/wp\/v2\/posts\/43937\/revisions\/43940"}],"wp:featuredmedia":[{"embeddable":true,"href":"https:\/\/infonews.az\/index.php?rest_route=\/wp\/v2\/media\/43939"}],"wp:attachment":[{"href":"https:\/\/infonews.az\/index.php?rest_route=%2Fwp%2Fv2%2Fmedia&parent=43937"}],"wp:term":[{"taxonomy":"category","embeddable":true,"href":"https:\/\/infonews.az\/index.php?rest_route=%2Fwp%2Fv2%2Fcategories&post=43937"},{"taxonomy":"post_tag","embeddable":true,"href":"https:\/\/infonews.az\/index.php?rest_route=%2Fwp%2Fv2%2Ftags&post=43937"}],"curies":[{"name":"wp","href":"https:\/\/api.w.org\/{rel}","templated":true}]}}