{"id":43938,"date":"2024-05-16T16:13:40","date_gmt":"2024-05-16T12:13:40","guid":{"rendered":"https:\/\/infonews.az\/?p=43938"},"modified":"2024-05-16T16:13:40","modified_gmt":"2024-05-16T12:13:40","slug":"heyd%c9%99r-eliyev-fondunun-%c9%99traf-muhitin-muhafiz%c9%99sind%c9%99-rolu","status":"publish","type":"post","link":"https:\/\/infonews.az\/?p=43938","title":{"rendered":"Heyd\u0259r \u018fliyev Fondunun \u0259traf m\u00fchitin m\u00fchafiz\u0259sind\u0259 rolu"},"content":{"rendered":"<p><span style=\"color: #ffffff;\">Heyd\u0259r \u018fliyev Fondunun \u0259traf m\u00fchitin m\u00fchafiz\u0259sind\u0259 rolu<\/span><\/p>\n<p><a href=\"https:\/\/infonews.az\/?p=43938\"><span style=\"color: #333399;\"><strong>&#8220;\u0130NFONEWS&#8221;<\/strong><\/span><\/a><\/p>\n<p><img loading=\"lazy\" decoding=\"async\" class=\"size-full wp-image-43942\" src=\"https:\/\/infonews.az\/wp-content\/uploads\/2024\/05\/DSC_9851.jpg\" alt=\"\" width=\"800\" height=\"534\" srcset=\"https:\/\/infonews.az\/wp-content\/uploads\/2024\/05\/DSC_9851.jpg 800w, https:\/\/infonews.az\/wp-content\/uploads\/2024\/05\/DSC_9851-300x200.jpg 300w, https:\/\/infonews.az\/wp-content\/uploads\/2024\/05\/DSC_9851-768x513.jpg 768w\" sizes=\"(max-width: 800px) 100vw, 800px\" \/><\/p>\n<p><em><a href=\"https:\/\/modern.az\/aktual\/470025\/heyder-eliyev-fondunun-etraf-muhitin-muhafizesinde-rolu\/\">modern.az<\/a><\/em><\/p>\n<p>Az\u0259rbaycan\u0131n milli d\u0259y\u0259r v\u0259 s\u0259rv\u0259tl\u0259rinin qorunmas\u0131nda, elmin, s\u0259hiyy\u0259nin, t\u0259hsilin, m\u0259d\u0259niyy\u0259t v\u0259 inc\u0259s\u0259n\u0259tin inki\u015faf\u0131nda, h\u0259m\u00e7inin \u00f6lk\u0259mizin d\u00fcnya miqyas\u0131nda tan\u0131nmas\u0131nda \u00fcmummilli lider Heyd\u0259r \u018fliyevin \u0259v\u0259zsiz rolu vard\u0131r. 2004 c\u00fc il may ay\u0131n\u0131n 10-da yarad\u0131lm\u0131\u015f Heyd\u0259r \u018fliyev Fondu bu \u0259v\u0259zsiz rolu bir daha n\u00fcmayi\u015f etdirmi\u015f oldu, h\u0259m\u00e7inin fondun prezidenti Birinci vitse-prezident Mehriban xan\u0131m \u018fliyevan\u0131n f\u0259aliyy\u0259tini x\u00fcsusi qeyd etm\u0259k laz\u0131md\u0131r. \u00c7\u00fcnki Heyd\u0259r \u018fliyev Fondunun \u0259traf m\u00fchitin m\u00fchafiz\u0259sin\u0259, eyni zamanda ya\u015f\u0131ll\u0131q sah\u0259sinin art\u0131r\u0131lmas\u0131 istiqam\u0259tl\u0259rind\u0259 ard\u0131c\u0131l olaraq irimiqyasl\u0131 layih\u0259l\u0259r h\u0259yata ke\u00e7irm\u0259sin\u0259 g\u0259tirib \u00e7\u0131xartm\u0131\u015fd\u0131r.<\/p>\n<p>Heyd\u0259r \u018fliyev Fondu Az\u0259rbaycan\u0131n \u0259traf m\u00fchitinin m\u00fchafiz\u0259sin\u0259 daim x\u00fcsusi diqq\u0259t v\u0259 qay\u011f\u0131 il\u0259 yana\u015fm\u0131\u015f, bu istiqam\u0259td\u0259 m\u00fch\u00fcm \u0259h\u0259miyy\u0259t k\u0259sb ed\u0259n t\u0259dbirl\u0259r h\u0259yata ke\u00e7irmi\u015fdir.\u00a0B\u00fct\u00fcn \u00f6lk\u0259d\u0259 b\u00f6y\u00fck r\u0259\u011fb\u0259tl\u0259 qar\u015f\u0131lanan \u201cH\u0259r\u0259miz bir a\u011fac \u0259k\u0259k\u201d lahiy\u0259si, \u201cT\u0259mizlik namin\u0259\u201d, \u201cTullant\u0131dan s\u0259n\u0259t\u0259\u201d, \u201cA\u011faclar\u0131n k\u0259silm\u0259sin\u0259 son\u201d, \u201cYa\u015f\u0131l marafon\u201d v\u0259 s. bu kimi, \u00fcmumiyy\u0259tl\u0259, d\u00f6vl\u0259t maraqlar\u0131 bax\u0131m\u0131ndan m\u00fcst\u0259sna \u0259h\u0259miyy\u0259t\u0259 malik bir s\u0131ra layih\u0259l\u0259ri fond u\u011furla ger\u00e7\u0259kl\u0259\u015fdirmi\u015fdir.<\/p>\n<p>Heyd\u0259r \u018fliyev Fondunun qar\u015f\u0131ya qoydu\u011fu h\u0259r bir xo\u015f m\u0259ram\u0131 \u00fcmummilli liderimiz Heyd\u0259r \u018fliyevin ali ideyalar\u0131n\u0131 \u00f6z\u00fcnd\u0259 ehtiva etm\u0259kdir. Fondun \u0259sas prioritetl\u0259ri s\u0131ras\u0131nda \u0259traf m\u00fchitin m\u00fchafiz\u0259si v\u0259 inki\u015faf\u0131na x\u00fcsusi yer ayr\u0131lmas\u0131 he\u00e7 d\u0259 t\u0259sad\u00fcfi deyildir. Bu sah\u0259nin dinamik inki\u015faf\u0131 \u00f6lk\u0259 \u0259halisinin sa\u011flam m\u00fchitd\u0259 ya\u015famas\u0131n\u0131n t\u0259minat\u0131 dem\u0259kdir.<\/p>\n<p>Bu bax\u0131mdan, Heyd\u0259r \u018fliyev Fondunun prezidenti, \u0130SESKO-nun xo\u015fm\u0259raml\u0131 s\u0259firi, Mill\u0259t v\u0259kili, birinci vitse-prezident Mehriban xan\u0131m \u018fliyevan\u0131n \u0259traf m\u00fchitin inki\u015faf\u0131na x\u00fcsusi diqq\u0259t v\u0259 qay\u011f\u0131s\u0131 onun f\u0259al v\u0259t\u0259nda\u015fl\u0131q m\u00f6vqeyind\u0259 dayanmas\u0131n\u0131n, xalq\u0131na olan sonsuz m\u0259h\u0259bb\u0259tinin, ham\u0131ya n\u00fcmun\u0259 ola bil\u0259c\u0259k v\u0259t\u0259np\u0259rv\u0259rliyinin, mill\u0259tsev\u0259rliyinin bariz n\u00fcmun\u0259sidir. Az\u0259rbaycan\u0131n birinci xan\u0131m\u0131 bu n\u0259cib t\u0259\u015f\u0259bb\u00fcs\u00fc v\u0259 xeyirxahl\u0131\u011f\u0131 il\u0259 q\u00fcdr\u0259tli \u015f\u0259xsiyy\u0259t Heyd\u0259r \u018fliyev t\u0259r\u0259find\u0259n \u0259sas\u0131 qoyulan, haz\u0131rda m\u00f6ht\u0259r\u0259m Prezidentimiz \u0130lham \u018fliyevin b\u00f6y\u00fck m\u00fcv\u0259ff\u0259qiyy\u0259tl\u0259 davam etdirdiyi \u0259traf m\u00fchitin m\u00fchafiz\u0259si strategiyas\u0131n\u0131n h\u0259yata ke\u00e7irilm\u0259sin\u0259 \u00f6z layiqli t\u00f6hf\u0259sini verir. M\u0259hz bunun n\u0259tic\u0259sidir ki, Heyd\u0259r \u018fliyev Fondu yarand\u0131\u011f\u0131 g\u00fcnd\u0259n \u00f6lk\u0259mizin m\u0259d\u0259ni v\u0259 humanitar h\u0259yat\u0131nda bir-birinin ard\u0131nca \u00e7ox b\u00f6y\u00fck \u0259h\u0259miyy\u0259t k\u0259sb ed\u0259n irimiqyasl\u0131 layih\u0259l\u0259r h\u0259yata ke\u00e7irir. Eyni zamanda Heyd\u0259r \u018fliyev Fondunun \u0259traf al\u0259min m\u00fchafiz\u0259sinin lahiy\u0259l\u0259rinin h\u0259yata ke\u00e7irilm\u0259si m\u0259hz \u00a0Heyd\u0259r \u018fliyev Fondunun vitse-prezidenti, IDEA \u0130ctimai Birliyinin t\u0259sis\u00e7isi v\u0259 r\u0259hb\u0259ri Leyla \u018fliyevan\u0131n t\u0259\u015f\u0259bb\u00fcs\u00fc il\u0259 h\u0259yata ke\u00e7irilmi\u015fdir.<\/p>\n<p>H\u0259r il Heyd\u0259r \u018fliyev Fondu\u00a0\u201cH\u0259r\u0259miz bir a\u011fac \u0259k\u0259k\u201d\u00a0layih\u0259sinin icras\u0131n\u0131 h\u0259yata ke\u00e7irir. Bu layih\u0259 \u00e7\u0259r\u00e7iv\u0259sind\u0259 Bak\u0131n\u0131n m\u00fcxt\u0259lif rayonlar\u0131nda \u018fzizb\u0259yov, Qarada\u011f, N\u0259rimanov, X\u0259z\u0259r, Suraxan\u0131, Xocas\u0259n, Nizami, X\u0259tai v\u0259 s. rayonlar\u0131nda, el\u0259c\u0259 d\u0259 b\u00f6lg\u0259l\u0259rd\u0259 bu vaxta q\u0259d\u0259r 8 milyondan art\u0131q a\u011fac \u0259kilib. Bu tendensiya h\u0259l\u0259 d\u0259 davam edir.\u00a0Fondunun t\u0259\u015f\u0259bb\u00fcs\u00fc il\u0259 2007- ci ild\u0259n ba\u015flayaraq, \u201cT\u0259mizlik namin\u0259\u201d \u015f\u00fcar\u0131 alt\u0131nda im\u0259cilikl\u0259r h\u0259yata ke\u00e7irilir ki, bu im\u0259clikl\u0259r\u0259 Bak\u0131n\u0131n m\u00fcxt\u0259lif rayonlar\u0131n\u0131n orta m\u0259kt\u0259b \u015fagirdl\u0259ri v\u0259 g\u0259ncl\u0259ri c\u0259lb edilir.\u00a0Aksiya zaman\u0131 \u015fagird v\u0259 g\u0259ncl\u0259r\u0259 b\u0259rk m\u0259i\u015f\u0259t tullant\u0131lar\u0131n\u0131n n\u00f6vl\u0259ri, onlar\u0131n \u0259traf m\u00fchit\u0259 vurdu\u011fu ziyan, bu tullant\u0131lar\u0131n z\u0259r\u0259rsizl\u0259\u015fdirilm\u0259si \u00fcsullar\u0131, tullant\u0131lar\u0131n t\u0259krar istifad\u0259si v\u0259 bu sah\u0259d\u0259 Az\u0259rbaycanda, o c\u00fcml\u0259d\u0259n, paytaxt\u0131m\u0131zda g\u00f6r\u00fcl\u0259n i\u015fl\u0259r bar\u0259d\u0259 m\u0259lumat verilir. Fond t\u0259r\u0259find\u0259n\u00a02010-2011-ci ill\u0259ri \u0259hat\u0259 ed\u0259n \u201cAz\u0259rbaycan Respublikas\u0131 \u0259razisind\u0259 ceyranlar\u0131n m\u00fchafiz\u0259si, reintroduksiyas\u0131 v\u0259 tarixi areallar\u0131n\u0131n yenid\u0259n b\u0259rpas\u0131\u201d layih\u0259sinin icras\u0131na da ba\u015flan\u0131ld\u0131. Qeyd ed\u0259k ki, Qobustan &#8211; C\u0259ngi\u00e7ay \u0259razisi ceyranlar\u0131n ya\u015famas\u0131 \u00fc\u00e7\u00fcn z\u0259ngin bitki \u00f6rt\u00fcy\u00fcn\u0259 malikdir v\u0259 2013-c\u00fc ild\u0259n ba\u015flayaraq, bura \u0259razil\u0259rd\u0259\u00a0ceyranlar\u0131n reintroduksiyas\u0131\u00a0h\u0259yata ke\u00e7irilir.<\/p>\n<p>2012-ci ild\u0259n ba\u015flayaraq, Heyd\u0259r \u018fliyev Fondunun t\u0259\u015f\u0259bb\u00fcs\u00fc v\u0259 d\u0259st\u0259yi il\u0259\u00a0\u201cTullant\u0131dan s\u0259n\u0259t\u0259\u201d adl\u0131 beyn\u0259lxalq s\u0259rgi ke\u00e7irilir. S\u0259rginin \u0259sas m\u0259qs\u0259di\u00a0istifad\u0259y\u0259 yarars\u0131z v\u0259 g\u0259r\u0259ksiz hesab edil\u0259n \u0259\u015fyalar\u0131 s\u0259n\u0259t \u0259s\u0259rin\u0259 \u00e7evirm\u0259kdir. H\u0259r il ke\u00e7iril\u0259n beyn\u0259lxalq s\u0259rgi \u00e7\u0259r\u00e7iv\u0259sind\u0259 \u201cTullant\u0131dan s\u0259n\u0259t\u0259\u201d\u00a0adl\u0131\u00a0muzeyinin a\u00e7\u0131l\u0131\u015f\u0131 da olub.<\/p>\n<p>Heyd\u0259r \u018fliyev Fondunun vitse-prezidenti, IDEA (\u018ftraf M\u00fchitin M\u00fchafiz\u0259si namin\u0259 Beyn\u0259lxalq dialoq) \u0130ctimai Birliyinin t\u0259sis\u00e7isi v\u0259 r\u0259hb\u0259ri Leyla \u018fliyevan\u0131n t\u0259\u015f\u0259bb\u00fcs\u00fc il\u0259 Heyd\u0259r \u018fliyev Fondu v\u0259 IDEA \u0130ctimai Birliyinin birg\u0259 start verdiyi \u201cA\u011faclar\u0131n k\u0259silm\u0259sin\u0259 yox!\u201d proqram\u0131 \u00e7\u0259r\u00e7iv\u0259sind\u0259 \u201cT\u0259bi\u0259t\u0259 t\u0259cili yard\u0131m\u201d qaynar x\u0259tti v\u0259 mobil qrupu yarad\u0131ld\u0131 v\u0259 bu xidm\u0259t say\u0259sind\u0259 v\u0259t\u0259nda\u015flar\u0131n qanunsuz a\u011fac k\u0259silm\u0259sinin qar\u015f\u0131s\u0131 k\u0259skin \u015f\u0259kild\u0259 al\u0131nd\u0131.<\/p>\n<p>Heyd\u0259r \u018fliyev Fondunun t\u0259\u015f\u0259bb\u00fcs\u00fc il\u0259 paytaxtdak\u0131 a\u011faclar\u0131n m\u00fcayin\u0259sin\u0259 d\u0259 start verildi.<\/p>\n<p>Fondun \u0259traf m\u00fchitin m\u00fchafiz\u0259si istiqamtind\u0259 n\u00f6vb\u0259ti add\u0131m\u0131 is\u0259\u00a026 aprel 2024-ci\u00a0 ild\u0259 Fond il\u0259\u00a0T\u00fcrkiy\u0259nin S\u0131f\u0131r At\u0131k Fondu aras\u0131nda Anla\u015fma Memorandumu imzalanmas\u0131 oldu. Memoranduma \u0259sas\u0259n,\u00a0h\u0259r iki qurum\u00a0COP29 \u00e7\u0259r\u00e7iv\u0259sind\u0259, eyni zamanda,\u00a0ondan sonrak\u0131 d\u00f6n\u0259ml\u0259rd\u0259 d\u0259\u00a0\u0259traf m\u00fchitin\u00a0m\u00fchafiz\u0259si, el\u0259c\u0259 d\u0259\u00a0m\u0259d\u0259ni irsin qorunmas\u0131 sah\u0259sind\u0259 \u0259m\u0259kda\u015fl\u0131q ed\u0259c\u0259kl\u0259r.<\/p>\n<p>M\u0259qal\u0259 Heyd\u0259r \u018fliyev Fondunun 20 illik f\u0259aliyy\u0259tin\u0259 h\u0259sr olunub.<\/p>\n<p>&nbsp;<\/p>\n<p><strong>C\u0259mil\u0259 H\u018fS\u018fNOVA<\/strong><\/p>\n<p><strong>Az\u0259rbaycan D\u00f6vl\u0259t \u0130qtisad Universitetinin (UNEC)\u00a0 m\u00fc\u0259llimi, tar.\u00fc.f.d.<\/strong><\/p>\n","protected":false},"excerpt":{"rendered":"<p>Heyd\u0259r \u018fliyev Fondunun \u0259traf m\u00fchitin m\u00fchafiz\u0259sind\u0259 rolu &#8220;\u0130NFONEWS&#8221; modern.az Az\u0259rbaycan\u0131n milli d\u0259y\u0259r v\u0259 s\u0259rv\u0259tl\u0259rinin qorunmas\u0131nda, elmin, s\u0259hiyy\u0259nin, t\u0259hsilin, m\u0259d\u0259niyy\u0259t v\u0259 inc\u0259s\u0259n\u0259tin inki\u015faf\u0131nda, h\u0259m\u00e7inin \u00f6lk\u0259mizin d\u00fcnya miqyas\u0131nda tan\u0131nmas\u0131nda \u00fcmummilli lider Heyd\u0259r&hellip; <\/p>\n","protected":false},"author":14,"featured_media":43949,"comment_status":"open","ping_status":"open","sticky":false,"template":"","format":"standard","meta":{"_mi_skip_tracking":false,"_monsterinsights_sitenote_active":false,"_monsterinsights_sitenote_note":"","_monsterinsights_sitenote_category":0,"footnotes":""},"categories":[5373,4,11],"tags":[4848,38,15],"aioseo_notices":[],"_links":{"self":[{"href":"https:\/\/infonews.az\/index.php?rest_route=\/wp\/v2\/posts\/43938"}],"collection":[{"href":"https:\/\/infonews.az\/index.php?rest_route=\/wp\/v2\/posts"}],"about":[{"href":"https:\/\/infonews.az\/index.php?rest_route=\/wp\/v2\/types\/post"}],"author":[{"embeddable":true,"href":"https:\/\/infonews.az\/index.php?rest_route=\/wp\/v2\/users\/14"}],"replies":[{"embeddable":true,"href":"https:\/\/infonews.az\/index.php?rest_route=%2Fwp%2Fv2%2Fcomments&post=43938"}],"version-history":[{"count":1,"href":"https:\/\/infonews.az\/index.php?rest_route=\/wp\/v2\/posts\/43938\/revisions"}],"predecessor-version":[{"id":43951,"href":"https:\/\/infonews.az\/index.php?rest_route=\/wp\/v2\/posts\/43938\/revisions\/43951"}],"wp:featuredmedia":[{"embeddable":true,"href":"https:\/\/infonews.az\/index.php?rest_route=\/wp\/v2\/media\/43949"}],"wp:attachment":[{"href":"https:\/\/infonews.az\/index.php?rest_route=%2Fwp%2Fv2%2Fmedia&parent=43938"}],"wp:term":[{"taxonomy":"category","embeddable":true,"href":"https:\/\/infonews.az\/index.php?rest_route=%2Fwp%2Fv2%2Fcategories&post=43938"},{"taxonomy":"post_tag","embeddable":true,"href":"https:\/\/infonews.az\/index.php?rest_route=%2Fwp%2Fv2%2Ftags&post=43938"}],"curies":[{"name":"wp","href":"https:\/\/api.w.org\/{rel}","templated":true}]}}