{"id":43941,"date":"2024-05-16T16:06:34","date_gmt":"2024-05-16T12:06:34","guid":{"rendered":"https:\/\/infonews.az\/?p=43941"},"modified":"2024-05-16T16:06:34","modified_gmt":"2024-05-16T12:06:34","slug":"fhn-in-%c9%99m%c9%99kdasi-avropa-cempionatinda-ugur-qazanib","status":"publish","type":"post","link":"https:\/\/infonews.az\/?p=43941","title":{"rendered":"FHN-in \u0259m\u0259kda\u015f\u0131 Avropa \u00e7empionat\u0131nda u\u011fur qazan\u0131b"},"content":{"rendered":"<blockquote><p>Xorvatiyan\u0131n Zadar \u015f\u0259h\u0259rind\u0259 D\u00fcnya Karate Federasiyas\u0131n\u0131n (WKF) t\u0259\u015fkilat\u00e7\u0131l\u0131\u011f\u0131 il\u0259 karate \u00fczr\u0259 b\u00f6y\u00fckl\u0259r aras\u0131nda 59-cu Avropa \u00e7empionat\u0131 ke\u00e7irilib.<\/p><\/blockquote>\n<p><a href=\"https:\/\/infonews.az\/\"><strong>\u201c\u0130NFONEWS\u201d<\/strong><\/a>\u00a0 FHN-n\u0259 istinad\u0259n x\u0259b\u0259r verir ki, \u00e7empionatda Avropan\u0131n 51 \u00f6lk\u0259sind\u0259n 850-y\u0259 yax\u0131n idman\u00e7\u0131 q\u00fcvv\u0259sini s\u0131nay\u0131b. Az\u0259rbaycan y\u0131\u011fma komandas\u0131n\u0131n 3 n\u0259f\u0259r karate\u00e7isi Roman Heyd\u0259rov, \u0130smay\u0131l Quliyev v\u0259 R\u00f6v\u015f\u0259n \u018fliyev m\u00f6t\u0259b\u0259r turnird\u0259 i\u015ftirak ed\u0259r\u0259k b\u00f6y\u00fck u\u011fura imza at\u0131blar. Bel\u0259 ki, idman\u00e7\u0131lar\u0131m\u0131z b\u00f6y\u00fckl\u0259r aras\u0131nda kata \u00fczr\u0259 komanda yar\u0131\u015flar\u0131nda \u00e7empionat\u0131n b\u00fcr\u00fcnc medal\u0131na sahib olublar.<\/p>\n<p>Qalibl\u0259r\u0259 D\u00fcnya Karate Federasiyas\u0131n\u0131n medal v\u0259 kuboku t\u0259qdim olunub.<\/p>\n<p>Qeyd ed\u0259k ki, qalibl\u0259rd\u0259n biri\u2013R\u00f6v\u015f\u0259n \u018fliyev FHN-in D\u00f6vl\u0259t Yan\u011f\u0131ndan M\u00fchafiz\u0259 Xidm\u0259tinin \u0259m\u0259kda\u015f\u0131d\u0131r.<\/p>\n<div class=\"AdviadNativeVideo\"><\/div>\n<p>F\u00f6vq\u0259lad\u0259 Hallar Nazirliyinin \u0130dman-sa\u011flaml\u0131q klubunun r\u0259isi polkovnik F\u00fczuli Musayev turnird\u0259 u\u011fur qazanm\u0131\u015f idman\u00e7\u0131larla g\u00f6r\u00fc\u015f\u0259r\u0259k onlar\u0131 t\u0259brik edib, g\u0259l\u0259c\u0259k yar\u0131\u015flarda u\u011furlar arzulay\u0131b.<\/p>\n<p>Qeyd edilib ki, karate\u00e7il\u0259r noyabr ay\u0131nda \u0130spaniyan\u0131n Pamplona \u015f\u0259h\u0259rind\u0259 ke\u00e7iril\u0259\u00e7\u0259k karate \u00fczr\u0259 d\u00fcnya \u00e7empionat\u0131na v\u0259siq\u0259 qazan\u0131blar.<\/p>\n","protected":false},"excerpt":{"rendered":"<p>Xorvatiyan\u0131n Zadar \u015f\u0259h\u0259rind\u0259 D\u00fcnya Karate Federasiyas\u0131n\u0131n (WKF) t\u0259\u015fkilat\u00e7\u0131l\u0131\u011f\u0131 il\u0259 karate \u00fczr\u0259 b\u00f6y\u00fckl\u0259r aras\u0131nda 59-cu Avropa \u00e7empionat\u0131 ke\u00e7irilib. \u201c\u0130NFONEWS\u201d\u00a0 FHN-n\u0259 istinad\u0259n x\u0259b\u0259r verir ki, \u00e7empionatda Avropan\u0131n 51 \u00f6lk\u0259sind\u0259n 850-y\u0259 yax\u0131n idman\u00e7\u0131&hellip; <\/p>\n","protected":false},"author":30,"featured_media":43943,"comment_status":"open","ping_status":"open","sticky":false,"template":"","format":"standard","meta":{"_mi_skip_tracking":false,"_monsterinsights_sitenote_active":false,"_monsterinsights_sitenote_note":"","_monsterinsights_sitenote_category":0,"footnotes":""},"categories":[58,11],"tags":[1545,13571,3478,13573,13572,13148],"aioseo_notices":[],"_links":{"self":[{"href":"https:\/\/infonews.az\/index.php?rest_route=\/wp\/v2\/posts\/43941"}],"collection":[{"href":"https:\/\/infonews.az\/index.php?rest_route=\/wp\/v2\/posts"}],"about":[{"href":"https:\/\/infonews.az\/index.php?rest_route=\/wp\/v2\/types\/post"}],"author":[{"embeddable":true,"href":"https:\/\/infonews.az\/index.php?rest_route=\/wp\/v2\/users\/30"}],"replies":[{"embeddable":true,"href":"https:\/\/infonews.az\/index.php?rest_route=%2Fwp%2Fv2%2Fcomments&post=43941"}],"version-history":[{"count":1,"href":"https:\/\/infonews.az\/index.php?rest_route=\/wp\/v2\/posts\/43941\/revisions"}],"predecessor-version":[{"id":43944,"href":"https:\/\/infonews.az\/index.php?rest_route=\/wp\/v2\/posts\/43941\/revisions\/43944"}],"wp:featuredmedia":[{"embeddable":true,"href":"https:\/\/infonews.az\/index.php?rest_route=\/wp\/v2\/media\/43943"}],"wp:attachment":[{"href":"https:\/\/infonews.az\/index.php?rest_route=%2Fwp%2Fv2%2Fmedia&parent=43941"}],"wp:term":[{"taxonomy":"category","embeddable":true,"href":"https:\/\/infonews.az\/index.php?rest_route=%2Fwp%2Fv2%2Fcategories&post=43941"},{"taxonomy":"post_tag","embeddable":true,"href":"https:\/\/infonews.az\/index.php?rest_route=%2Fwp%2Fv2%2Ftags&post=43941"}],"curies":[{"name":"wp","href":"https:\/\/api.w.org\/{rel}","templated":true}]}}