{"id":43945,"date":"2024-05-16T16:12:18","date_gmt":"2024-05-16T12:12:18","guid":{"rendered":"https:\/\/infonews.az\/?p=43945"},"modified":"2024-05-16T16:12:18","modified_gmt":"2024-05-16T12:12:18","slug":"unec-d%c9%99-novb%c9%99ti-ictimai-muzakir%c9%99-yasil-iqtisadiyyat-r%c9%99q%c9%99msal-az%c9%99rbaycan","status":"publish","type":"post","link":"https:\/\/infonews.az\/?p=43945","title":{"rendered":"UNEC-d\u0259 n\u00f6vb\u0259ti ictimai m\u00fczakir\u0259: Ya\u015f\u0131l iqtisadiyyat, R\u0259q\u0259msal Az\u0259rbaycan"},"content":{"rendered":"<blockquote><p>Prezident \u0130lham \u018fliyevin yeni d\u00f6vr\u00fcn \u0259sas milli ideyas\u0131 v\u0259 ideyalar\u0131 il\u0259 ba\u011fl\u0131 UNEC-d\u0259 start veril\u0259n \u201cG\u0259l\u0259c\u0259k \u00f6z\u00fcm\u00fc g\u0259l\u0259c\u0259k?\u201d \u00a0adl\u0131 n\u00f6vb\u0259ti ictimai m\u00fczakir\u0259 \u201cYa\u015f\u0131l iqtisadiyyat, R\u0259q\u0259msal Az\u0259rbaycan: Ya\u015f\u0131l m\u00fcqayis\u0259li\u00a0 \u00fcst\u00fcnl\u00fckl\u0259r, r\u0259q\u0259msal dayan\u0131ql\u0131l\u0131q!\u201d m\u00f6vzusunda olub.<\/p><\/blockquote>\n<p><a href=\"https:\/\/infonews.az\/\"><strong>\u201c\u0130NFONEWS\u201d<\/strong><\/a> -\u00fcn m\u0259lumat\u0131na g\u00f6r\u0259, UNEC rektoru professor \u018fdal\u0259t Muradov bildirib ki, Prezident \u0130lham \u018fliyevin yeni milli ideyalar\u0131n formala\u015fmas\u0131 bar\u0259d\u0259 \u00e7a\u011f\u0131r\u0131\u015f\u0131n\u0131 \u0259sas tutaraq, UNEC-d\u0259 m\u00fcx\u0259tlif sah\u0259l\u0259r \u00fczr\u0259 yeni ideyalar\u0131n m\u00fczakir\u0259si davam edir. Rektor bu d\u0259f\u0259ki m\u00fczakir\u0259nin m\u00f6vzusunun m\u00fc\u0259yy\u0259n edilm\u0259sind\u0259 \u00f6lk\u0259 Prezidentinin verdiyi m\u00fcsahib\u0259l\u0259rd\u0259 s\u0259sl\u0259ndirdiyi fikirl\u0259ri n\u0259z\u0259r\u0259 alaraq, 2 ideya &#8211; Ya\u015f\u0131l iqtisadiyyat v\u0259 R\u0259q\u0259msal Az\u0259rbaycan \u0259sas g\u00f6t\u00fcr\u00fcl\u00fcb.<\/p>\n<p>M\u00fczakir\u0259l\u0259r zaman\u0131 Az\u0259rbaycan iqtisadiyyat\u0131n\u0131 ya\u015f\u0131lla\u015fd\u0131rmaq m\u0259qs\u0259dil\u0259 \u00f6lk\u0259nin r\u0259qab\u0259t \u00fcst\u00fcnl\u00fcy\u00fc olan sah\u0259l\u0259rinin m\u00fc\u0259yy\u0259n edilm\u0259si v\u0259 bu sah\u0259l\u0259rin inki\u015faf\u0131 istiqam\u0259tind\u0259 at\u0131lacaq add\u0131mlarla ba\u011fl\u0131 yeni ideyalar s\u0259sl\u0259ndirilib.<\/p>\n<p>Prezident \u0130lham \u018fliyevin m\u00fc\u0259yy\u0259nl\u0259\u015fdirdiyi R\u0259q\u0259msal Az\u0259rbaycanla ba\u011fl\u0131 is\u0259 yeni bax\u0131\u015flar\u0131n formala\u015fd\u0131r\u0131lmas\u0131 v\u0259 dayan\u0131ql\u0131l\u0131\u011f\u0131n t\u0259min edilm\u0259si istiqam\u0259tind\u0259 maraql\u0131 fikirl\u0259r ir\u0259li s\u00fcr\u00fcl\u00fcb.<\/p>\n","protected":false},"excerpt":{"rendered":"<p>Prezident \u0130lham \u018fliyevin yeni d\u00f6vr\u00fcn \u0259sas milli ideyas\u0131 v\u0259 ideyalar\u0131 il\u0259 ba\u011fl\u0131 UNEC-d\u0259 start veril\u0259n \u201cG\u0259l\u0259c\u0259k \u00f6z\u00fcm\u00fc g\u0259l\u0259c\u0259k?\u201d \u00a0adl\u0131 n\u00f6vb\u0259ti ictimai m\u00fczakir\u0259 \u201cYa\u015f\u0131l iqtisadiyyat, R\u0259q\u0259msal Az\u0259rbaycan: Ya\u015f\u0131l m\u00fcqayis\u0259li\u00a0 \u00fcst\u00fcnl\u00fckl\u0259r, r\u0259q\u0259msal&hellip; <\/p>\n","protected":false},"author":30,"featured_media":43947,"comment_status":"open","ping_status":"open","sticky":false,"template":"","format":"standard","meta":{"_mi_skip_tracking":false,"_monsterinsights_sitenote_active":false,"_monsterinsights_sitenote_note":"","_monsterinsights_sitenote_category":0,"footnotes":""},"categories":[11,3],"tags":[13574,47,13575,8822],"aioseo_notices":[],"_links":{"self":[{"href":"https:\/\/infonews.az\/index.php?rest_route=\/wp\/v2\/posts\/43945"}],"collection":[{"href":"https:\/\/infonews.az\/index.php?rest_route=\/wp\/v2\/posts"}],"about":[{"href":"https:\/\/infonews.az\/index.php?rest_route=\/wp\/v2\/types\/post"}],"author":[{"embeddable":true,"href":"https:\/\/infonews.az\/index.php?rest_route=\/wp\/v2\/users\/30"}],"replies":[{"embeddable":true,"href":"https:\/\/infonews.az\/index.php?rest_route=%2Fwp%2Fv2%2Fcomments&post=43945"}],"version-history":[{"count":1,"href":"https:\/\/infonews.az\/index.php?rest_route=\/wp\/v2\/posts\/43945\/revisions"}],"predecessor-version":[{"id":43948,"href":"https:\/\/infonews.az\/index.php?rest_route=\/wp\/v2\/posts\/43945\/revisions\/43948"}],"wp:featuredmedia":[{"embeddable":true,"href":"https:\/\/infonews.az\/index.php?rest_route=\/wp\/v2\/media\/43947"}],"wp:attachment":[{"href":"https:\/\/infonews.az\/index.php?rest_route=%2Fwp%2Fv2%2Fmedia&parent=43945"}],"wp:term":[{"taxonomy":"category","embeddable":true,"href":"https:\/\/infonews.az\/index.php?rest_route=%2Fwp%2Fv2%2Fcategories&post=43945"},{"taxonomy":"post_tag","embeddable":true,"href":"https:\/\/infonews.az\/index.php?rest_route=%2Fwp%2Fv2%2Ftags&post=43945"}],"curies":[{"name":"wp","href":"https:\/\/api.w.org\/{rel}","templated":true}]}}