{"id":43971,"date":"2024-05-17T07:34:19","date_gmt":"2024-05-17T03:34:19","guid":{"rendered":"https:\/\/infonews.az\/?p=43971"},"modified":"2024-05-17T08:52:26","modified_gmt":"2024-05-17T04:52:26","slug":"rusiya-ukraynada-strateji-ugur-%c9%99ld%c9%99-etm%c9%99yib-nato-r%c9%99smil%c9%99ri","status":"publish","type":"post","link":"https:\/\/infonews.az\/?p=43971","title":{"rendered":"Rusiya Ukraynada strateji u\u011fur \u0259ld\u0259 etm\u0259yib &#8211; NATO r\u0259smil\u0259ri"},"content":{"rendered":"<p><span style=\"color: #ffffff;\">Rusiya Ukraynada strateji u\u011fur \u0259ld\u0259 etm\u0259yib &#8211; NATO r\u0259smil\u0259ri<\/span><\/p>\n<blockquote><p>D\u00f6y\u00fc\u015f meydan\u0131ndak\u0131 v\u0259ziyy\u0259t Ukrayna Silahl\u0131 Q\u00fcvv\u0259l\u0259ri \u00fc\u00e7\u00fcn h\u0259l\u0259 o d\u0259r\u0259c\u0259d\u0259 pisl\u0259\u015fm\u0259yib ki, Ukrayna dan\u0131\u015f\u0131qlar masas\u0131na otursun.<\/p><\/blockquote>\n<p><a href=\"https:\/\/infonews.az\/?p=43971\"><span style=\"color: #333399;\"><strong>&#8220;\u0130NFONEWS&#8221;<\/strong><\/span> <\/a>x\u0259b\u0259r verir ki, bunu NATO H\u0259rbi Komit\u0259sinin r\u0259hb\u0259ri admiral Rob Bauer deyib.<\/p>\n<p>Onun s\u00f6zl\u0259rin\u0259 g\u00f6r\u0259, Rusiya strateji u\u011fur \u0259ld\u0259 etm\u0259yib.<\/p>\n<p>May\u0131n 16-s\u0131nda Ukrayna komandanl\u0131\u011f\u0131 NATO-nu d\u00f6y\u00fc\u015f meydan\u0131nda yaranan ciddi v\u0259ziyy\u0259t bar\u0259d\u0259 m\u0259lumatland\u0131r\u0131b.<\/p>\n<p>AB\u015e D\u00f6vl\u0259t katibi Antoni Blinken bildirib ki, Kiyev Moskva il\u0259 dan\u0131\u015f\u0131qlara ba\u015flamaq \u00fc\u00e7\u00fcn \u00f6z\u00fc q\u0259rar verm\u0259lidir.<\/p>\n<p>&nbsp;<\/p>\n","protected":false},"excerpt":{"rendered":"<p>Rusiya Ukraynada strateji u\u011fur \u0259ld\u0259 etm\u0259yib &#8211; NATO r\u0259smil\u0259ri D\u00f6y\u00fc\u015f meydan\u0131ndak\u0131 v\u0259ziyy\u0259t Ukrayna Silahl\u0131 Q\u00fcvv\u0259l\u0259ri \u00fc\u00e7\u00fcn h\u0259l\u0259 o d\u0259r\u0259c\u0259d\u0259 pisl\u0259\u015fm\u0259yib ki, Ukrayna dan\u0131\u015f\u0131qlar masas\u0131na otursun. &#8220;\u0130NFONEWS&#8221; x\u0259b\u0259r verir ki, bunu&hellip; <\/p>\n","protected":false},"author":14,"featured_media":43972,"comment_status":"open","ping_status":"open","sticky":false,"template":"","format":"standard","meta":{"_mi_skip_tracking":false,"_monsterinsights_sitenote_active":false,"_monsterinsights_sitenote_note":"","_monsterinsights_sitenote_category":0,"footnotes":""},"categories":[6,11,10171],"tags":[15,674,13586],"aioseo_notices":[],"_links":{"self":[{"href":"https:\/\/infonews.az\/index.php?rest_route=\/wp\/v2\/posts\/43971"}],"collection":[{"href":"https:\/\/infonews.az\/index.php?rest_route=\/wp\/v2\/posts"}],"about":[{"href":"https:\/\/infonews.az\/index.php?rest_route=\/wp\/v2\/types\/post"}],"author":[{"embeddable":true,"href":"https:\/\/infonews.az\/index.php?rest_route=\/wp\/v2\/users\/14"}],"replies":[{"embeddable":true,"href":"https:\/\/infonews.az\/index.php?rest_route=%2Fwp%2Fv2%2Fcomments&post=43971"}],"version-history":[{"count":1,"href":"https:\/\/infonews.az\/index.php?rest_route=\/wp\/v2\/posts\/43971\/revisions"}],"predecessor-version":[{"id":43973,"href":"https:\/\/infonews.az\/index.php?rest_route=\/wp\/v2\/posts\/43971\/revisions\/43973"}],"wp:featuredmedia":[{"embeddable":true,"href":"https:\/\/infonews.az\/index.php?rest_route=\/wp\/v2\/media\/43972"}],"wp:attachment":[{"href":"https:\/\/infonews.az\/index.php?rest_route=%2Fwp%2Fv2%2Fmedia&parent=43971"}],"wp:term":[{"taxonomy":"category","embeddable":true,"href":"https:\/\/infonews.az\/index.php?rest_route=%2Fwp%2Fv2%2Fcategories&post=43971"},{"taxonomy":"post_tag","embeddable":true,"href":"https:\/\/infonews.az\/index.php?rest_route=%2Fwp%2Fv2%2Ftags&post=43971"}],"curies":[{"name":"wp","href":"https:\/\/api.w.org\/{rel}","templated":true}]}}