{"id":43974,"date":"2024-05-17T07:58:54","date_gmt":"2024-05-17T03:58:54","guid":{"rendered":"https:\/\/infonews.az\/?p=43974"},"modified":"2024-05-17T09:06:54","modified_gmt":"2024-05-17T05:06:54","slug":"az%c9%99rbaycan-dili-normalarina-riay%c9%99t-etm%c9%99k-movzusunda-muzakir%c9%99-aparilib","status":"publish","type":"post","link":"https:\/\/infonews.az\/?p=43974","title":{"rendered":"Az\u0259rbaycan dili normalar\u0131na riay\u0259t etm\u0259k m\u00f6vzusunda m\u00fczakir\u0259 apar\u0131l\u0131b"},"content":{"rendered":"<p><span style=\"color: #ffffff;\">Az\u0259rbaycan dili normalar\u0131na riay\u0259t etm\u0259k m\u00f6vzusunda m\u00fczakir\u0259 apar\u0131l\u0131b<\/span><\/p>\n<blockquote><p>May\u0131n 16-da &#8220;Xalq q\u0259zeti&#8221;nin redaksiyas\u0131nda q\u0259zetin dilinin monitorinq n\u0259tic\u0259l\u0259ri il\u0259 ba\u011fl\u0131 AMEA N\u0259simi ad\u0131na Dil\u00e7ilik \u0130nstitutunun Nitq m\u0259d\u0259niyy\u0259ti v\u0259 monitorinq \u015f\u00f6b\u0259sinin \u0259m\u0259kda\u015flar\u0131 &#8211; \u015f\u00f6b\u0259nin m\u00fcdiri fil.\u00fc.f.d. V\u0259fa Abdullayeva-N\u0259biyeva, apar\u0131c\u0131 elmi i\u015f\u00e7i fil.\u00fc.f.d. Sevinc M\u0259mm\u0259dova, b\u00f6y\u00fck elmi i\u015f\u00e7i fil.\u00fc.f.d. G\u00fclnara C\u0259f\u0259rova v\u0259 operator N\u0259rmin G\u00f6y\u00fc\u015fova il\u0259 g\u00f6r\u00fc\u015f ke\u00e7irilib.<\/p><\/blockquote>\n<p><a href=\"https:\/\/infonews.az\/?p=43974\"><span style=\"color: #333399;\"><strong>&#8220;\u0130NFONEWS&#8221;<\/strong><\/span><\/a> x\u0259b\u0259r verir ki, g\u00f6r\u00fc\u015fd\u0259 Az\u0259rbaycan dilinin safl\u0131\u011f\u0131 v\u0259 t\u0259mizliyini qorumaq m\u0259qs\u0259dil\u0259 dil normalar\u0131na riay\u0259t etm\u0259k m\u0259s\u0259l\u0259l\u0259ri m\u00fczakir\u0259 olunub, t\u0259klifl\u0259r ir\u0259li s\u00fcr\u00fcl\u00fcb. Apar\u0131lan monitorinqin n\u0259tic\u0259si olaraq h\u0259r say \u00fczr\u0259 fonetik (orfoqrafik v\u0259 dur\u011fu i\u015far\u0259l\u0259ri), leksik, qrammatik norma pozuntusu hallar\u0131 ayr\u0131l\u0131qda qeyd olunub, \u00fcmumi statistik g\u00f6st\u0259ricil\u0259r t\u0259qdim olunub.<\/p>\n","protected":false},"excerpt":{"rendered":"<p>Az\u0259rbaycan dili normalar\u0131na riay\u0259t etm\u0259k m\u00f6vzusunda m\u00fczakir\u0259 apar\u0131l\u0131b May\u0131n 16-da &#8220;Xalq q\u0259zeti&#8221;nin redaksiyas\u0131nda q\u0259zetin dilinin monitorinq n\u0259tic\u0259l\u0259ri il\u0259 ba\u011fl\u0131 AMEA N\u0259simi ad\u0131na Dil\u00e7ilik \u0130nstitutunun Nitq m\u0259d\u0259niyy\u0259ti v\u0259 monitorinq \u015f\u00f6b\u0259sinin \u0259m\u0259kda\u015flar\u0131&hellip; <\/p>\n","protected":false},"author":14,"featured_media":43975,"comment_status":"open","ping_status":"open","sticky":false,"template":"","format":"standard","meta":{"_mi_skip_tracking":false,"_monsterinsights_sitenote_active":false,"_monsterinsights_sitenote_note":"","_monsterinsights_sitenote_category":0,"footnotes":""},"categories":[5373,11,3],"tags":[5836,4481,15],"aioseo_notices":[],"_links":{"self":[{"href":"https:\/\/infonews.az\/index.php?rest_route=\/wp\/v2\/posts\/43974"}],"collection":[{"href":"https:\/\/infonews.az\/index.php?rest_route=\/wp\/v2\/posts"}],"about":[{"href":"https:\/\/infonews.az\/index.php?rest_route=\/wp\/v2\/types\/post"}],"author":[{"embeddable":true,"href":"https:\/\/infonews.az\/index.php?rest_route=\/wp\/v2\/users\/14"}],"replies":[{"embeddable":true,"href":"https:\/\/infonews.az\/index.php?rest_route=%2Fwp%2Fv2%2Fcomments&post=43974"}],"version-history":[{"count":1,"href":"https:\/\/infonews.az\/index.php?rest_route=\/wp\/v2\/posts\/43974\/revisions"}],"predecessor-version":[{"id":43976,"href":"https:\/\/infonews.az\/index.php?rest_route=\/wp\/v2\/posts\/43974\/revisions\/43976"}],"wp:featuredmedia":[{"embeddable":true,"href":"https:\/\/infonews.az\/index.php?rest_route=\/wp\/v2\/media\/43975"}],"wp:attachment":[{"href":"https:\/\/infonews.az\/index.php?rest_route=%2Fwp%2Fv2%2Fmedia&parent=43974"}],"wp:term":[{"taxonomy":"category","embeddable":true,"href":"https:\/\/infonews.az\/index.php?rest_route=%2Fwp%2Fv2%2Fcategories&post=43974"},{"taxonomy":"post_tag","embeddable":true,"href":"https:\/\/infonews.az\/index.php?rest_route=%2Fwp%2Fv2%2Ftags&post=43974"}],"curies":[{"name":"wp","href":"https:\/\/api.w.org\/{rel}","templated":true}]}}