{"id":43988,"date":"2024-05-17T11:09:45","date_gmt":"2024-05-17T07:09:45","guid":{"rendered":"https:\/\/infonews.az\/?p=43988"},"modified":"2024-05-19T13:05:48","modified_gmt":"2024-05-19T09:05:48","slug":"orban-fitso-h%c9%99yatla-olum-arasindadir","status":"publish","type":"post","link":"https:\/\/infonews.az\/?p=43988","title":{"rendered":"Orban: Fitso h\u0259yatla \u00f6l\u00fcm aras\u0131ndad\u0131r"},"content":{"rendered":"<blockquote><p>&#8220;Slovakiya Ba\u015f nazirin\u0259 qar\u015f\u0131 sui-q\u0259sd c\u0259hdind\u0259n h\u0259r k\u0259s sars\u0131ld\u0131. Sui-q\u0259sd fakt\u0131 h\u0259mi\u015f\u0259 t\u0259\u0259cc\u00fcbl\u00fcd\u00fcr, lakin Avropada zorak\u0131l\u0131\u011f\u0131n s\u0259viyy\u0259sinin artmas\u0131 he\u00e7 k\u0259s \u00fc\u00e7\u00fcn t\u0259\u0259cc\u00fcbl\u00fc deyil&#8221;.<\/p><\/blockquote>\n<p><a href=\"https:\/\/infonews.az\/\"><strong>\u201c\u0130NFONEWS\u201d<\/strong><\/a>\u00a0 &#8220;Hungary Today&#8221;a istinad\u0259n x\u0259b\u0259r verir ki, bunu Macar\u0131stan\u0131n Ba\u015f naziri Viktor Orban &#8220;Kossuth&#8221; Radiosunda &#8220;Sabah\u0131n\u0131z xeyir, Macar\u0131stan!&#8221; proqram\u0131nda deyib.<\/p>\n<p>&#8220;Biz ba\u015f nazir \u00fc\u00e7\u00fcn dua edirik v\u0259 Slovakiyan\u0131n yan\u0131nday\u0131q. Onun tezlikl\u0259 sa\u011falmas\u0131n\u0131 v\u0259 i\u015fin\u0259 qay\u0131tmas\u0131n\u0131 arzu edirik. Robert Fitso \u00f6l\u00fcml\u0259 h\u0259yat aras\u0131ndad\u0131r\u201d, &#8211; Orban deyib.<\/p>\n<p>O, son ill\u0259rd\u0259 Avropada terror aktlar\u0131 sonra m\u00fcharib\u0259 ba\u015flad\u0131\u011f\u0131n\u0131 xat\u0131rlayaraq M\u0259rk\u0259zi Avropan\u0131n riskli b\u00f6lg\u0259 adland\u0131r\u0131b.<\/p>\n<p>&#8220;Avropan\u0131n m\u00f6vqeyi indi k\u00f6k\u00fcnd\u0259n d\u0259yi\u015fib, Avropa liderl\u0259ri art\u0131q Ukraynaya qo\u015fun yeritm\u0259k m\u0259s\u0259l\u0259sini m\u00fczakir\u0259 edirl\u0259r. Zorak\u0131l\u0131q g\u00fcnd\u0259lik h\u0259yat\u0131n bir hiss\u0259sin\u0259 \u00e7evrilib. Bu, Avropada n\u0259z\u0259r\u0259 \u00e7arpan bir prosesdir&#8221;, &#8211; dey\u0259 Viktor Orban \u0259lav\u0259 edib.<\/p>\n<p>&#8220;Biz\u0259 s\u00fclh t\u0259r\u0259fdar\u0131 Slovakiya \u00e7ox laz\u0131m idi, \u00e7\u00fcnki se\u00e7kil\u0259rd\u0259n sonra \u015fimal qon\u015fumuz s\u00fclh yoluna q\u0259d\u0259m qoymu\u015fdu. Bu biz\u0259 \u00e7ox k\u00f6m\u0259k etdi v\u0259 indi biz bu d\u0259st\u0259yi itirmi\u015fik&#8221;.<\/p>\n<p>Macar\u0131stan\u0131n xarici i\u015fl\u0259r naziri Peter Siyarto is\u0259 &#8220;Facebook&#8221; hesab\u0131nda bildirib ki, o, Slovakiya parlamentinin m\u00fcv\u0259qq\u0259ti prezidenti Peter Ziqaya z\u0259ng ed\u0259r\u0259k Slovakiyan\u0131n ba\u015f nazirinin v\u0259ziyy\u0259ti il\u0259 maraqlan\u0131b. &#8220;Dostum Peter dedi ki, g\u00fcnl\u0259r ke\u00e7dikc\u0259 v\u0259ziyy\u0259t daha \u00fcmidverici g\u00f6r\u00fcn\u00fcr, lakin Slovakiyan\u0131n Ba\u015f nazirinin sa\u011fal\u0131b-sa\u011flanmayaca\u011f\u0131na \u0259min olmaq \u00fc\u00e7\u00fcn bir ne\u00e7\u0259 g\u00fcn laz\u0131m olacaq&#8221;.<\/p>\n","protected":false},"excerpt":{"rendered":"<p>&#8220;Slovakiya Ba\u015f nazirin\u0259 qar\u015f\u0131 sui-q\u0259sd c\u0259hdind\u0259n h\u0259r k\u0259s sars\u0131ld\u0131. Sui-q\u0259sd fakt\u0131 h\u0259mi\u015f\u0259 t\u0259\u0259cc\u00fcbl\u00fcd\u00fcr, lakin Avropada zorak\u0131l\u0131\u011f\u0131n s\u0259viyy\u0259sinin artmas\u0131 he\u00e7 k\u0259s \u00fc\u00e7\u00fcn t\u0259\u0259cc\u00fcbl\u00fc deyil&#8221;. \u201c\u0130NFONEWS\u201d\u00a0 &#8220;Hungary Today&#8221;a istinad\u0259n x\u0259b\u0259r verir ki,&hellip; <\/p>\n","protected":false},"author":30,"featured_media":43989,"comment_status":"open","ping_status":"open","sticky":false,"template":"","format":"standard","meta":{"_mi_skip_tracking":false,"_monsterinsights_sitenote_active":false,"_monsterinsights_sitenote_note":"","_monsterinsights_sitenote_category":0,"footnotes":""},"categories":[9,11],"tags":[10564,10142,6450,3596,13304],"aioseo_notices":[],"_links":{"self":[{"href":"https:\/\/infonews.az\/index.php?rest_route=\/wp\/v2\/posts\/43988"}],"collection":[{"href":"https:\/\/infonews.az\/index.php?rest_route=\/wp\/v2\/posts"}],"about":[{"href":"https:\/\/infonews.az\/index.php?rest_route=\/wp\/v2\/types\/post"}],"author":[{"embeddable":true,"href":"https:\/\/infonews.az\/index.php?rest_route=\/wp\/v2\/users\/30"}],"replies":[{"embeddable":true,"href":"https:\/\/infonews.az\/index.php?rest_route=%2Fwp%2Fv2%2Fcomments&post=43988"}],"version-history":[{"count":1,"href":"https:\/\/infonews.az\/index.php?rest_route=\/wp\/v2\/posts\/43988\/revisions"}],"predecessor-version":[{"id":43990,"href":"https:\/\/infonews.az\/index.php?rest_route=\/wp\/v2\/posts\/43988\/revisions\/43990"}],"wp:featuredmedia":[{"embeddable":true,"href":"https:\/\/infonews.az\/index.php?rest_route=\/wp\/v2\/media\/43989"}],"wp:attachment":[{"href":"https:\/\/infonews.az\/index.php?rest_route=%2Fwp%2Fv2%2Fmedia&parent=43988"}],"wp:term":[{"taxonomy":"category","embeddable":true,"href":"https:\/\/infonews.az\/index.php?rest_route=%2Fwp%2Fv2%2Fcategories&post=43988"},{"taxonomy":"post_tag","embeddable":true,"href":"https:\/\/infonews.az\/index.php?rest_route=%2Fwp%2Fv2%2Ftags&post=43988"}],"curies":[{"name":"wp","href":"https:\/\/api.w.org\/{rel}","templated":true}]}}