{"id":44018,"date":"2024-05-20T10:56:16","date_gmt":"2024-05-20T06:56:16","guid":{"rendered":"https:\/\/infonews.az\/?p=44018"},"modified":"2024-05-20T10:56:16","modified_gmt":"2024-05-20T06:56:16","slug":"turk-universitetl%c9%99r-birliyinin-7-ci-bas-assambleyasinin-iclasi-kecirilir","status":"publish","type":"post","link":"https:\/\/infonews.az\/?p=44018","title":{"rendered":"T\u00fcrk Universitetl\u0259r Birliyinin 7-ci Ba\u015f Assambleyas\u0131n\u0131n iclas\u0131 ke\u00e7irilir"},"content":{"rendered":"<p><span style=\"color: #ffffff;\">T\u00fcrk Universitetl\u0259r Birliyinin 7-ci Ba\u015f Assambleyas\u0131n\u0131n iclas\u0131 ke\u00e7irilir <\/span><\/p>\n<blockquote><p>May\u0131n 20-d\u0259 Az\u0259rbaycan D\u00f6vl\u0259t \u0130qtisad Universitetinin (UNEC) s\u0259drliyi il\u0259 T\u00fcrk Universitetl\u0259r Birliyinin (T\u00dcRK\u00dcN\u0130B) 7-ci Ba\u015f Assambleyas\u0131n\u0131n iclas\u0131 ke\u00e7irilir.<\/p><\/blockquote>\n<p><a href=\"https:\/\/infonews.az\/?p=44018\"><span style=\"color: #333399;\"><strong>&#8220;\u0130NFONEWS&#8221;<\/strong><\/span><\/a> x\u0259b\u0259r verir ki, beyn\u0259lxalq t\u0259dbird\u0259 t\u00fcrk d\u00f6vl\u0259tl\u0259rind\u0259n 60-dan \u00e7ox universitetin rektorlar\u0131 i\u015ftirak edirl\u0259r.<\/p>\n<p>T\u0259dbird\u0259 UNEC-in rektoru professor \u018fdal\u0259t Muradov, T\u00fcrk D\u00f6vl\u0259tl\u0259ri T\u0259\u015fkilat\u0131n\u0131n Ba\u015f katibi Kuban\u0131\u00e7bek \u00d6m\u00fcral\u0131yev v\u0259 ba\u015fqalar\u0131 \u00e7\u0131x\u0131\u015f edibl\u0259r.<\/p>\n<p>\u0130clasda T\u00dcRK\u00dcN\u0130B-in g\u0259l\u0259c\u0259k f\u0259aliyy\u0259ti bar\u0259d\u0259 \u0259h\u0259miyy\u0259tli olan m\u0259s\u0259l\u0259l\u0259r m\u00fczakir\u0259 edilib. Eyni zamanda, T\u00dcRK\u00dcN\u0130B-\u0259 \u00fczvl\u00fckl\u0259 ba\u011fl\u0131 60-a yax\u0131n universitetin m\u00fcraci\u0259tin\u0259 bax\u0131l\u0131b.<\/p>\n","protected":false},"excerpt":{"rendered":"<p>T\u00fcrk Universitetl\u0259r Birliyinin 7-ci Ba\u015f Assambleyas\u0131n\u0131n iclas\u0131 ke\u00e7irilir May\u0131n 20-d\u0259 Az\u0259rbaycan D\u00f6vl\u0259t \u0130qtisad Universitetinin (UNEC) s\u0259drliyi il\u0259 T\u00fcrk Universitetl\u0259r Birliyinin (T\u00dcRK\u00dcN\u0130B) 7-ci Ba\u015f Assambleyas\u0131n\u0131n iclas\u0131 ke\u00e7irilir. &#8220;\u0130NFONEWS&#8221; x\u0259b\u0259r verir ki,&hellip; <\/p>\n","protected":false},"author":14,"featured_media":44019,"comment_status":"open","ping_status":"open","sticky":false,"template":"","format":"standard","meta":{"_mi_skip_tracking":false,"_monsterinsights_sitenote_active":false,"_monsterinsights_sitenote_note":"","_monsterinsights_sitenote_category":0,"footnotes":""},"categories":[4,11,3],"tags":[13600,47,15,13599],"aioseo_notices":[],"_links":{"self":[{"href":"https:\/\/infonews.az\/index.php?rest_route=\/wp\/v2\/posts\/44018"}],"collection":[{"href":"https:\/\/infonews.az\/index.php?rest_route=\/wp\/v2\/posts"}],"about":[{"href":"https:\/\/infonews.az\/index.php?rest_route=\/wp\/v2\/types\/post"}],"author":[{"embeddable":true,"href":"https:\/\/infonews.az\/index.php?rest_route=\/wp\/v2\/users\/14"}],"replies":[{"embeddable":true,"href":"https:\/\/infonews.az\/index.php?rest_route=%2Fwp%2Fv2%2Fcomments&post=44018"}],"version-history":[{"count":1,"href":"https:\/\/infonews.az\/index.php?rest_route=\/wp\/v2\/posts\/44018\/revisions"}],"predecessor-version":[{"id":44020,"href":"https:\/\/infonews.az\/index.php?rest_route=\/wp\/v2\/posts\/44018\/revisions\/44020"}],"wp:featuredmedia":[{"embeddable":true,"href":"https:\/\/infonews.az\/index.php?rest_route=\/wp\/v2\/media\/44019"}],"wp:attachment":[{"href":"https:\/\/infonews.az\/index.php?rest_route=%2Fwp%2Fv2%2Fmedia&parent=44018"}],"wp:term":[{"taxonomy":"category","embeddable":true,"href":"https:\/\/infonews.az\/index.php?rest_route=%2Fwp%2Fv2%2Fcategories&post=44018"},{"taxonomy":"post_tag","embeddable":true,"href":"https:\/\/infonews.az\/index.php?rest_route=%2Fwp%2Fv2%2Ftags&post=44018"}],"curies":[{"name":"wp","href":"https:\/\/api.w.org\/{rel}","templated":true}]}}