{"id":44021,"date":"2024-05-20T12:37:19","date_gmt":"2024-05-20T08:37:19","guid":{"rendered":"https:\/\/infonews.az\/?p=44021"},"modified":"2024-05-20T12:37:19","modified_gmt":"2024-05-20T08:37:19","slug":"politoloq-iranda-prezident-seckil%c9%99ri-il%c9%99-%c9%99laq%c9%99dar-f%c9%99rqli-siyasi-qruplar-f%c9%99allasacaqlar","status":"publish","type":"post","link":"https:\/\/infonews.az\/?p=44021","title":{"rendered":"Politoloq: \u0130randa prezident se\u00e7kil\u0259ri il\u0259 \u0259laq\u0259dar f\u0259rqli siyasi qruplar f\u0259alla\u015facaqlar"},"content":{"rendered":"<blockquote><p>\u0130randa ke\u00e7irilm\u0259li olan yeni prezident se\u00e7kil\u0259ri il\u0259 \u0259laq\u0259dar f\u0259rqli siyasi qruplar f\u0259alla\u015facaqlar, \u00f6lk\u0259 \u0259traf\u0131nda \u00e7\u0259tin siyasi durum is\u0259 bu se\u00e7kil\u0259r\u0259 ciddi t\u0259sir g\u00f6st\u0259r\u0259c\u0259k.<\/p><\/blockquote>\n<p><a href=\"https:\/\/infonews.az\/\"><strong>\u201c\u0130NFONEWS\u201d<\/strong><\/a> x\u0259b\u0259r verir ki,\u00a0 bunu \u201cReport\u201da C\u0259nubi Qafqaz T\u0259dqiqatlar M\u0259rk\u0259zinin (CQTM) direktoru F\u0259rhad M\u0259mm\u0259dov \u00f6t\u0259n g\u00fcn ba\u015f ver\u0259n helikopter q\u0259zas\u0131 n\u0259tic\u0259sind\u0259 \u0130ran Prezidenti \u0130brahim R\u0259isinin h\u0259lak olmas\u0131n\u0131n \u00f6lk\u0259d\u0259ki daxili v\u0259ziyy\u0259t\u0259 nec\u0259 t\u0259sir ed\u0259c\u0259yini \u015f\u0259rh ed\u0259rk\u0259n deyib.<\/p>\n<p>O bildirib ki, haz\u0131rda diqq\u0259t yetirilm\u0259li iki m\u00fch\u00fcm m\u0259qam var v\u0259 onlardan birincisi \u0130randa bu hadis\u0259 il\u0259 ba\u011fl\u0131 ba\u015flanacaq cinay\u0259t i\u015finin n\u0259d\u0259n ibar\u0259t olaca\u011f\u0131d\u0131r:<\/p>\n<p>\u201c\u00c7\u00fcnki bu, b\u00fct\u00fcn m\u00fc\u0259mmalara cavab verm\u0259lidir. \u0130kinci m\u0259qam is\u0259 prezidentin \u00f6l\u00fcm\u00fcnd\u0259n sonra icra edilm\u0259li olan prosedurdur. Prosedura \u0259sas\u0259n, t\u0259xmin\u0259n iki ay \u0259rzind\u0259 yeni se\u00e7kil\u0259r ke\u00e7irilm\u0259lidir. N\u0259z\u0259r\u0259 almaq laz\u0131md\u0131r ki, prezident se\u00e7kil\u0259ri planla\u015fd\u0131r\u0131lm\u0131rd\u0131 v\u0259 bununla ba\u011fl\u0131 hans\u0131sa x\u00fcsusi haz\u0131rl\u0131q i\u015fi h\u0259yata ke\u00e7irilm\u0259yib. Ona g\u00f6r\u0259 d\u0259 f\u0259rqli siyasi qruplar f\u0259alla\u015facaqlar ki, \u00f6z namiz\u0259dl\u0259rini ir\u0259li s\u00fcrs\u00fcnl\u0259r\u201d.<\/p>\n<p><img loading=\"lazy\" decoding=\"async\" class=\"alignnone size-medium wp-image-44023\" src=\"https:\/\/infonews.az\/wp-content\/uploads\/2024\/05\/4849542c-75c1-32eb-bb37-600d62d39b9f-300x187.jpg\" alt=\"\" width=\"300\" height=\"187\" srcset=\"https:\/\/infonews.az\/wp-content\/uploads\/2024\/05\/4849542c-75c1-32eb-bb37-600d62d39b9f-300x187.jpg 300w, https:\/\/infonews.az\/wp-content\/uploads\/2024\/05\/4849542c-75c1-32eb-bb37-600d62d39b9f-768x479.jpg 768w, https:\/\/infonews.az\/wp-content\/uploads\/2024\/05\/4849542c-75c1-32eb-bb37-600d62d39b9f.jpg 850w\" sizes=\"(max-width: 300px) 100vw, 300px\" \/><\/p>\n<div class=\"news-image\">\n<p>Ekspert vur\u011fulay\u0131b ki, m\u00fchafiz\u0259kar qruplar indi \u0259sas s\u00f6z sahibl\u0259ridir v\u0259 onlar \u00f6z daxilind\u0259n namiz\u0259dl\u0259r ir\u0259li s\u00fcr\u0259c\u0259k:<\/p>\n<p>\u201cM\u00fchafiz\u0259karlar\u0131n \u0259sas s\u00f6z sahibi oldu\u011funu ke\u00e7mi\u015f parlament se\u00e7kil\u0259ri v\u0259 yaxud Ekspertl\u0259r \u015euras\u0131na se\u00e7kil\u0259r d\u0259 n\u00fcmayi\u015f etdirib. Ancaq onlar\u0131n ir\u0259li s\u00fcrd\u00fcy\u00fc namiz\u0259di Ali dini lider t\u0259sdiq etm\u0259lidir. \u018fsas siyasi m\u00fcbariz\u0259 d\u0259 m\u0259hz burada &#8211; namiz\u0259dlik statusu almaq u\u011frunda c\u0259r\u0259yan ed\u0259c\u0259k. \u0130randak\u0131 \u00e7\u0259tin iqtisadi v\u0259ziyy\u0259t v\u0259 Yax\u0131n \u015e\u0259rq regionunda Tehran\u0131n d\u0259st\u0259kl\u0259diyi proksil\u0259rl\u0259 \u0130srailin m\u00fcharib\u0259si n\u0259tic\u0259sind\u0259 yaranan \u00e7\u0259tin siyasi durum \u00f6lk\u0259d\u0259ki se\u00e7kil\u0259r\u0259 t\u0259sir g\u00f6st\u0259r\u0259c\u0259k. Y\u0259ni burada cinay\u0259t i\u015finin n\u0259tic\u0259l\u0259ri, xarici faktorlar v\u0259 ba\u015f tutmal\u0131 olan m\u0259s\u0259l\u0259l\u0259r \u0130ran daxilind\u0259ki prosesl\u0259r\u0259 \u00e7ox ciddi t\u0259sir g\u00f6st\u0259r\u0259c\u0259k\u201d.<\/p>\n<p>F. M\u0259mm\u0259dov qeyd edib ki, \u0130ran hakimiyy\u0259ti haz\u0131rda daha \u00e7ox sakit olma\u011fa, v\u0259ziyy\u0259ti n\u0259zar\u0259t\u0259 almaq \u00fc\u00e7\u00fcn stabil v\u0259ziyy\u0259ti formala\u015fd\u0131rma\u011fa \u00e7al\u0131\u015facaq: \u201c\u00c7\u00fcnki prosesl\u0259rin s\u00fcr\u0259tl\u0259 inki\u015faf\u0131 onlar\u0131n n\u0259zar\u0259td\u0259n \u00e7\u0131xmas\u0131na g\u0259tirib \u00e7\u0131xara bil\u0259r\u201d<\/p>\n<\/div>\n","protected":false},"excerpt":{"rendered":"<p>\u0130randa ke\u00e7irilm\u0259li olan yeni prezident se\u00e7kil\u0259ri il\u0259 \u0259laq\u0259dar f\u0259rqli siyasi qruplar f\u0259alla\u015facaqlar, \u00f6lk\u0259 \u0259traf\u0131nda \u00e7\u0259tin siyasi durum is\u0259 bu se\u00e7kil\u0259r\u0259 ciddi t\u0259sir g\u00f6st\u0259r\u0259c\u0259k. \u201c\u0130NFONEWS\u201d x\u0259b\u0259r verir ki,\u00a0 bunu \u201cReport\u201da C\u0259nubi&hellip; <\/p>\n","protected":false},"author":30,"featured_media":44022,"comment_status":"open","ping_status":"open","sticky":false,"template":"","format":"standard","meta":{"_mi_skip_tracking":false,"_monsterinsights_sitenote_active":false,"_monsterinsights_sitenote_note":"","_monsterinsights_sitenote_category":0,"footnotes":""},"categories":[9,11],"tags":[10423,13601,13602,269,5520,13603],"aioseo_notices":[],"_links":{"self":[{"href":"https:\/\/infonews.az\/index.php?rest_route=\/wp\/v2\/posts\/44021"}],"collection":[{"href":"https:\/\/infonews.az\/index.php?rest_route=\/wp\/v2\/posts"}],"about":[{"href":"https:\/\/infonews.az\/index.php?rest_route=\/wp\/v2\/types\/post"}],"author":[{"embeddable":true,"href":"https:\/\/infonews.az\/index.php?rest_route=\/wp\/v2\/users\/30"}],"replies":[{"embeddable":true,"href":"https:\/\/infonews.az\/index.php?rest_route=%2Fwp%2Fv2%2Fcomments&post=44021"}],"version-history":[{"count":1,"href":"https:\/\/infonews.az\/index.php?rest_route=\/wp\/v2\/posts\/44021\/revisions"}],"predecessor-version":[{"id":44024,"href":"https:\/\/infonews.az\/index.php?rest_route=\/wp\/v2\/posts\/44021\/revisions\/44024"}],"wp:featuredmedia":[{"embeddable":true,"href":"https:\/\/infonews.az\/index.php?rest_route=\/wp\/v2\/media\/44022"}],"wp:attachment":[{"href":"https:\/\/infonews.az\/index.php?rest_route=%2Fwp%2Fv2%2Fmedia&parent=44021"}],"wp:term":[{"taxonomy":"category","embeddable":true,"href":"https:\/\/infonews.az\/index.php?rest_route=%2Fwp%2Fv2%2Fcategories&post=44021"},{"taxonomy":"post_tag","embeddable":true,"href":"https:\/\/infonews.az\/index.php?rest_route=%2Fwp%2Fv2%2Ftags&post=44021"}],"curies":[{"name":"wp","href":"https:\/\/api.w.org\/{rel}","templated":true}]}}